{"id":1021,"date":"2017-05-10T12:52:28","date_gmt":"2017-05-10T12:52:28","guid":{"rendered":"http:\/\/www.cityhungary.eu\/holnapvarosaertdij\/?p=1021"},"modified":"2017-05-10T12:52:28","modified_gmt":"2017-05-10T12:52:28","slug":"holnap-varosaert-dij-2017-az-m1-ma-estejeben","status":"publish","type":"post","link":"https:\/\/www.cityhungary.eu\/holnapvarosaertdij\/holnap-varosaert-dij-2017-az-m1-ma-estejeben\/","title":{"rendered":"Holnap v\u00e1ros\u00e1\u00e9rt D\u00edj 2017 az M1 Ma est\u00e9j\u00e9ben"},"content":{"rendered":"<p><strong>Az M1 Ma est\u00e9j\u00e9nek a vend\u00e9ge volt Tak\u00e1cs J\u00falia a City Hungary \u00fcgyvezet\u0151 igazgat\u00f3ja. A City Hungary a 2013 \u00f3ta m\u0171k\u00f6d\u0151 Holnap v\u00e1ros\u00e1\u00e9rt D\u00edj alap\u00edt\u00f3ja.\u00a0<\/strong><\/p>\n<p><!--more--><\/p>\n<p>Itt tekintheted meg a 2017 04.27-ei Ma este vide\u00f3j\u00e1ban (7.12 perct\u0151l) a besz\u00e9lget\u00e9st!<br \/>\n<a href=\"http:\/\/www.mediaklikk.hu\/video\/ma-este-2017-04-27-i-adas\/\" target=\"_blank\" rel=\"noopener noreferrer\">http:\/\/www.mediaklikk.hu\/video\/ma-este-2017-04-27-i-adas\/<\/a><\/p>\n<p>&nbsp;<\/p>\n","protected":false},"excerpt":{"rendered":"<p>Az M1 Ma est\u00e9j\u00e9nek a vend\u00e9ge volt Tak\u00e1cs J\u00falia a City Hungary \u00fcgyvezet\u0151 igazgat\u00f3ja. A City Hungary a 2013 \u00f3ta m\u0171k\u00f6d\u0151 Holnap v\u00e1ros\u00e1\u00e9rt D\u00edj alap\u00edt\u00f3ja.\u00a0<\/p>\n","protected":false},"author":3,"featured_media":0,"comment_status":"closed","ping_status":"closed","sticky":false,"template":"","format":"standard","meta":{"footnotes":""},"categories":[3],"tags":[192,168,196,30],"class_list":["post-1021","post","type-post","status-publish","format-standard","hentry","category-hirek","tag-city-hungary","tag-fenntarthato-magyar-varos","tag-holnap-varosaert-dij-2017","tag-takacs-julia"],"yoast_head":"<!-- This site is optimized with the Yoast SEO Premium plugin v24.8 (Yoast SEO v24.9) - https:\/\/yoast.com\/wordpress\/plugins\/seo\/ -->\n<title>Holnap v\u00e1ros\u00e1\u00e9rt D\u00edj 2017 az M1 Ma est\u00e9j\u00e9ben &#8226; Holnap V\u00e1ros\u00e1\u00e9rt D\u00edj<\/title>\n<meta name=\"robots\" content=\"index, follow, max-snippet:-1, max-image-preview:large, max-video-preview:-1\" \/>\n<link rel=\"canonical\" href=\"https:\/\/www.cityhungary.eu\/holnapvarosaertdij\/holnap-varosaert-dij-2017-az-m1-ma-estejeben\/\" \/>\n<meta property=\"og:locale\" content=\"hu_HU\" \/>\n<meta property=\"og:type\" content=\"article\" \/>\n<meta property=\"og:title\" content=\"Holnap v\u00e1ros\u00e1\u00e9rt D\u00edj 2017 az M1 Ma est\u00e9j\u00e9ben\" \/>\n<meta property=\"og:description\" content=\"Az M1 Ma est\u00e9j\u00e9nek a vend\u00e9ge volt Tak\u00e1cs J\u00falia a City Hungary \u00fcgyvezet\u0151 igazgat\u00f3ja. A City Hungary a 2013 \u00f3ta m\u0171k\u00f6d\u0151 Holnap v\u00e1ros\u00e1\u00e9rt D\u00edj alap\u00edt\u00f3ja.\u00a0\" \/>\n<meta property=\"og:url\" content=\"https:\/\/www.cityhungary.eu\/holnapvarosaertdij\/holnap-varosaert-dij-2017-az-m1-ma-estejeben\/\" \/>\n<meta property=\"og:site_name\" content=\"Holnap V\u00e1ros\u00e1\u00e9rt D\u00edj\" \/>\n<meta property=\"article:published_time\" content=\"2017-05-10T12:52:28+00:00\" \/>\n<meta name=\"author\" content=\"admin\" \/>\n<meta name=\"twitter:card\" content=\"summary_large_image\" \/>\n<meta name=\"twitter:label1\" content=\"Szerz\u0151:\" \/>\n\t<meta name=\"twitter:data1\" content=\"admin\" \/>\n<script type=\"application\/ld+json\" class=\"yoast-schema-graph\">{\"@context\":\"https:\/\/schema.org\",\"@graph\":[{\"@type\":\"Article\",\"@id\":\"https:\/\/www.cityhungary.eu\/holnapvarosaertdij\/holnap-varosaert-dij-2017-az-m1-ma-estejeben\/#article\",\"isPartOf\":{\"@id\":\"https:\/\/www.cityhungary.eu\/holnapvarosaertdij\/holnap-varosaert-dij-2017-az-m1-ma-estejeben\/\"},\"author\":{\"name\":\"admin\",\"@id\":\"https:\/\/www.cityhungary.eu\/holnapvarosaertdij\/#\/schema\/person\/f941ae49574cfce245e54052df4c568a\"},\"headline\":\"Holnap v\u00e1ros\u00e1\u00e9rt D\u00edj 2017 az M1 Ma est\u00e9j\u00e9ben\",\"datePublished\":\"2017-05-10T12:52:28+00:00\",\"mainEntityOfPage\":{\"@id\":\"https:\/\/www.cityhungary.eu\/holnapvarosaertdij\/holnap-varosaert-dij-2017-az-m1-ma-estejeben\/\"},\"wordCount\":75,\"publisher\":{\"@id\":\"https:\/\/www.cityhungary.eu\/holnapvarosaertdij\/#organization\"},\"keywords\":[\"City Hungary\",\"fenntarthat\u00f3 magyar v\u00e1ros\",\"Holnap v\u00e1ros\u00e1\u00e9rt D\u00edj 2017\",\"Tak\u00e1cs J\u00falia\"],\"articleSection\":[\"H\u00edrek\"],\"inLanguage\":\"hu\"},{\"@type\":\"WebPage\",\"@id\":\"https:\/\/www.cityhungary.eu\/holnapvarosaertdij\/holnap-varosaert-dij-2017-az-m1-ma-estejeben\/\",\"url\":\"https:\/\/www.cityhungary.eu\/holnapvarosaertdij\/holnap-varosaert-dij-2017-az-m1-ma-estejeben\/\",\"name\":\"Holnap v\u00e1ros\u00e1\u00e9rt D\u00edj 2017 az M1 Ma est\u00e9j\u00e9ben &#8226; Holnap V\u00e1ros\u00e1\u00e9rt D\u00edj\",\"isPartOf\":{\"@id\":\"https:\/\/www.cityhungary.eu\/holnapvarosaertdij\/#website\"},\"datePublished\":\"2017-05-10T12:52:28+00:00\",\"breadcrumb\":{\"@id\":\"https:\/\/www.cityhungary.eu\/holnapvarosaertdij\/holnap-varosaert-dij-2017-az-m1-ma-estejeben\/#breadcrumb\"},\"inLanguage\":\"hu\",\"potentialAction\":[{\"@type\":\"ReadAction\",\"target\":[\"https:\/\/www.cityhungary.eu\/holnapvarosaertdij\/holnap-varosaert-dij-2017-az-m1-ma-estejeben\/\"]}]},{\"@type\":\"BreadcrumbList\",\"@id\":\"https:\/\/www.cityhungary.eu\/holnapvarosaertdij\/holnap-varosaert-dij-2017-az-m1-ma-estejeben\/#breadcrumb\",\"itemListElement\":[{\"@type\":\"ListItem\",\"position\":1,\"name\":\"Kezd\u0151lap\",\"item\":\"https:\/\/www.cityhungary.eu\/holnapvarosaertdij\/\"},{\"@type\":\"ListItem\",\"position\":2,\"name\":\"Holnap v\u00e1ros\u00e1\u00e9rt D\u00edj 2017 az M1 Ma est\u00e9j\u00e9ben\"}]},{\"@type\":\"WebSite\",\"@id\":\"https:\/\/www.cityhungary.eu\/holnapvarosaertdij\/#website\",\"url\":\"https:\/\/www.cityhungary.eu\/holnapvarosaertdij\/\",\"name\":\"Holnap V\u00e1ros\u00e1\u00e9rt D\u00edj\",\"description\":\"A fenntarthat\u00f3 \u00e9s \u00e9lhet\u0151 v\u00e1rosok\u00e9rt\",\"publisher\":{\"@id\":\"https:\/\/www.cityhungary.eu\/holnapvarosaertdij\/#organization\"},\"potentialAction\":[{\"@type\":\"SearchAction\",\"target\":{\"@type\":\"EntryPoint\",\"urlTemplate\":\"https:\/\/www.cityhungary.eu\/holnapvarosaertdij\/?s={search_term_string}\"},\"query-input\":{\"@type\":\"PropertyValueSpecification\",\"valueRequired\":true,\"valueName\":\"search_term_string\"}}],\"inLanguage\":\"hu\"},{\"@type\":\"Organization\",\"@id\":\"https:\/\/www.cityhungary.eu\/holnapvarosaertdij\/#organization\",\"name\":\"Holnap V\u00e1ros\u00e1\u00e9rt D\u00edj\",\"alternateName\":\"Holnap V\u00e1ros\u00e1\u00e9rt D\u00edj\",\"url\":\"https:\/\/www.cityhungary.eu\/holnapvarosaertdij\/\",\"logo\":{\"@type\":\"ImageObject\",\"inLanguage\":\"hu\",\"@id\":\"https:\/\/www.cityhungary.eu\/holnapvarosaertdij\/#\/schema\/logo\/image\/\",\"url\":\"https:\/\/www.cityhungary.eu\/holnapvarosaertdij\/wp-content\/uploads\/2024\/05\/holnap_varosaert_dij_logo.png\",\"contentUrl\":\"https:\/\/www.cityhungary.eu\/holnapvarosaertdij\/wp-content\/uploads\/2024\/05\/holnap_varosaert_dij_logo.png\",\"width\":2000,\"height\":772,\"caption\":\"Holnap V\u00e1ros\u00e1\u00e9rt D\u00edj\"},\"image\":{\"@id\":\"https:\/\/www.cityhungary.eu\/holnapvarosaertdij\/#\/schema\/logo\/image\/\"}},{\"@type\":\"Person\",\"@id\":\"https:\/\/www.cityhungary.eu\/holnapvarosaertdij\/#\/schema\/person\/f941ae49574cfce245e54052df4c568a\",\"name\":\"admin\",\"image\":{\"@type\":\"ImageObject\",\"inLanguage\":\"hu\",\"@id\":\"https:\/\/www.cityhungary.eu\/holnapvarosaertdij\/#\/schema\/person\/image\/\",\"url\":\"https:\/\/secure.gravatar.com\/avatar\/695cd20ee5957c6777facc32078fa85cb7cdffedb5d2de1468632b484040f677?s=96&d=mm&r=g\",\"contentUrl\":\"https:\/\/secure.gravatar.com\/avatar\/695cd20ee5957c6777facc32078fa85cb7cdffedb5d2de1468632b484040f677?s=96&d=mm&r=g\",\"caption\":\"admin\"},\"sameAs\":[\"https:\/\/www.cityhungary.eu\/holnapvarosaertdij\"],\"url\":\"https:\/\/www.cityhungary.eu\/holnapvarosaertdij\/author\/dellartstudio\/\"}]}<\/script>\n<!-- \/ Yoast SEO Premium plugin. -->","yoast_head_json":{"title":"Holnap v\u00e1ros\u00e1\u00e9rt D\u00edj 2017 az M1 Ma est\u00e9j\u00e9ben &#8226; Holnap V\u00e1ros\u00e1\u00e9rt D\u00edj","robots":{"index":"index","follow":"follow","max-snippet":"max-snippet:-1","max-image-preview":"max-image-preview:large","max-video-preview":"max-video-preview:-1"},"canonical":"https:\/\/www.cityhungary.eu\/holnapvarosaertdij\/holnap-varosaert-dij-2017-az-m1-ma-estejeben\/","og_locale":"hu_HU","og_type":"article","og_title":"Holnap v\u00e1ros\u00e1\u00e9rt D\u00edj 2017 az M1 Ma est\u00e9j\u00e9ben","og_description":"Az M1 Ma est\u00e9j\u00e9nek a vend\u00e9ge volt Tak\u00e1cs J\u00falia a City Hungary \u00fcgyvezet\u0151 igazgat\u00f3ja. A City Hungary a 2013 \u00f3ta m\u0171k\u00f6d\u0151 Holnap v\u00e1ros\u00e1\u00e9rt D\u00edj alap\u00edt\u00f3ja.\u00a0","og_url":"https:\/\/www.cityhungary.eu\/holnapvarosaertdij\/holnap-varosaert-dij-2017-az-m1-ma-estejeben\/","og_site_name":"Holnap V\u00e1ros\u00e1\u00e9rt D\u00edj","article_published_time":"2017-05-10T12:52:28+00:00","author":"admin","twitter_card":"summary_large_image","twitter_misc":{"Szerz\u0151:":"admin"},"schema":{"@context":"https:\/\/schema.org","@graph":[{"@type":"Article","@id":"https:\/\/www.cityhungary.eu\/holnapvarosaertdij\/holnap-varosaert-dij-2017-az-m1-ma-estejeben\/#article","isPartOf":{"@id":"https:\/\/www.cityhungary.eu\/holnapvarosaertdij\/holnap-varosaert-dij-2017-az-m1-ma-estejeben\/"},"author":{"name":"admin","@id":"https:\/\/www.cityhungary.eu\/holnapvarosaertdij\/#\/schema\/person\/f941ae49574cfce245e54052df4c568a"},"headline":"Holnap v\u00e1ros\u00e1\u00e9rt D\u00edj 2017 az M1 Ma est\u00e9j\u00e9ben","datePublished":"2017-05-10T12:52:28+00:00","mainEntityOfPage":{"@id":"https:\/\/www.cityhungary.eu\/holnapvarosaertdij\/holnap-varosaert-dij-2017-az-m1-ma-estejeben\/"},"wordCount":75,"publisher":{"@id":"https:\/\/www.cityhungary.eu\/holnapvarosaertdij\/#organization"},"keywords":["City Hungary","fenntarthat\u00f3 magyar v\u00e1ros","Holnap v\u00e1ros\u00e1\u00e9rt D\u00edj 2017","Tak\u00e1cs J\u00falia"],"articleSection":["H\u00edrek"],"inLanguage":"hu"},{"@type":"WebPage","@id":"https:\/\/www.cityhungary.eu\/holnapvarosaertdij\/holnap-varosaert-dij-2017-az-m1-ma-estejeben\/","url":"https:\/\/www.cityhungary.eu\/holnapvarosaertdij\/holnap-varosaert-dij-2017-az-m1-ma-estejeben\/","name":"Holnap v\u00e1ros\u00e1\u00e9rt D\u00edj 2017 az M1 Ma est\u00e9j\u00e9ben &#8226; Holnap V\u00e1ros\u00e1\u00e9rt D\u00edj","isPartOf":{"@id":"https:\/\/www.cityhungary.eu\/holnapvarosaertdij\/#website"},"datePublished":"2017-05-10T12:52:28+00:00","breadcrumb":{"@id":"https:\/\/www.cityhungary.eu\/holnapvarosaertdij\/holnap-varosaert-dij-2017-az-m1-ma-estejeben\/#breadcrumb"},"inLanguage":"hu","potentialAction":[{"@type":"ReadAction","target":["https:\/\/www.cityhungary.eu\/holnapvarosaertdij\/holnap-varosaert-dij-2017-az-m1-ma-estejeben\/"]}]},{"@type":"BreadcrumbList","@id":"https:\/\/www.cityhungary.eu\/holnapvarosaertdij\/holnap-varosaert-dij-2017-az-m1-ma-estejeben\/#breadcrumb","itemListElement":[{"@type":"ListItem","position":1,"name":"Kezd\u0151lap","item":"https:\/\/www.cityhungary.eu\/holnapvarosaertdij\/"},{"@type":"ListItem","position":2,"name":"Holnap v\u00e1ros\u00e1\u00e9rt D\u00edj 2017 az M1 Ma est\u00e9j\u00e9ben"}]},{"@type":"WebSite","@id":"https:\/\/www.cityhungary.eu\/holnapvarosaertdij\/#website","url":"https:\/\/www.cityhungary.eu\/holnapvarosaertdij\/","name":"Holnap V\u00e1ros\u00e1\u00e9rt D\u00edj","description":"A fenntarthat\u00f3 \u00e9s \u00e9lhet\u0151 v\u00e1rosok\u00e9rt","publisher":{"@id":"https:\/\/www.cityhungary.eu\/holnapvarosaertdij\/#organization"},"potentialAction":[{"@type":"SearchAction","target":{"@type":"EntryPoint","urlTemplate":"https:\/\/www.cityhungary.eu\/holnapvarosaertdij\/?s={search_term_string}"},"query-input":{"@type":"PropertyValueSpecification","valueRequired":true,"valueName":"search_term_string"}}],"inLanguage":"hu"},{"@type":"Organization","@id":"https:\/\/www.cityhungary.eu\/holnapvarosaertdij\/#organization","name":"Holnap V\u00e1ros\u00e1\u00e9rt D\u00edj","alternateName":"Holnap V\u00e1ros\u00e1\u00e9rt D\u00edj","url":"https:\/\/www.cityhungary.eu\/holnapvarosaertdij\/","logo":{"@type":"ImageObject","inLanguage":"hu","@id":"https:\/\/www.cityhungary.eu\/holnapvarosaertdij\/#\/schema\/logo\/image\/","url":"https:\/\/www.cityhungary.eu\/holnapvarosaertdij\/wp-content\/uploads\/2024\/05\/holnap_varosaert_dij_logo.png","contentUrl":"https:\/\/www.cityhungary.eu\/holnapvarosaertdij\/wp-content\/uploads\/2024\/05\/holnap_varosaert_dij_logo.png","width":2000,"height":772,"caption":"Holnap V\u00e1ros\u00e1\u00e9rt D\u00edj"},"image":{"@id":"https:\/\/www.cityhungary.eu\/holnapvarosaertdij\/#\/schema\/logo\/image\/"}},{"@type":"Person","@id":"https:\/\/www.cityhungary.eu\/holnapvarosaertdij\/#\/schema\/person\/f941ae49574cfce245e54052df4c568a","name":"admin","image":{"@type":"ImageObject","inLanguage":"hu","@id":"https:\/\/www.cityhungary.eu\/holnapvarosaertdij\/#\/schema\/person\/image\/","url":"https:\/\/secure.gravatar.com\/avatar\/695cd20ee5957c6777facc32078fa85cb7cdffedb5d2de1468632b484040f677?s=96&d=mm&r=g","contentUrl":"https:\/\/secure.gravatar.com\/avatar\/695cd20ee5957c6777facc32078fa85cb7cdffedb5d2de1468632b484040f677?s=96&d=mm&r=g","caption":"admin"},"sameAs":["https:\/\/www.cityhungary.eu\/holnapvarosaertdij"],"url":"https:\/\/www.cityhungary.eu\/holnapvarosaertdij\/author\/dellartstudio\/"}]}},"_links":{"self":[{"href":"https:\/\/www.cityhungary.eu\/holnapvarosaertdij\/wp-json\/wp\/v2\/posts\/1021","targetHints":{"allow":["GET"]}}],"collection":[{"href":"https:\/\/www.cityhungary.eu\/holnapvarosaertdij\/wp-json\/wp\/v2\/posts"}],"about":[{"href":"https:\/\/www.cityhungary.eu\/holnapvarosaertdij\/wp-json\/wp\/v2\/types\/post"}],"author":[{"embeddable":true,"href":"https:\/\/www.cityhungary.eu\/holnapvarosaertdij\/wp-json\/wp\/v2\/users\/3"}],"replies":[{"embeddable":true,"href":"https:\/\/www.cityhungary.eu\/holnapvarosaertdij\/wp-json\/wp\/v2\/comments?post=1021"}],"version-history":[{"count":0,"href":"https:\/\/www.cityhungary.eu\/holnapvarosaertdij\/wp-json\/wp\/v2\/posts\/1021\/revisions"}],"wp:attachment":[{"href":"https:\/\/www.cityhungary.eu\/holnapvarosaertdij\/wp-json\/wp\/v2\/media?parent=1021"}],"wp:term":[{"taxonomy":"category","embeddable":true,"href":"https:\/\/www.cityhungary.eu\/holnapvarosaertdij\/wp-json\/wp\/v2\/categories?post=1021"},{"taxonomy":"post_tag","embeddable":true,"href":"https:\/\/www.cityhungary.eu\/holnapvarosaertdij\/wp-json\/wp\/v2\/tags?post=1021"}],"curies":[{"name":"wp","href":"https:\/\/api.w.org\/{rel}","templated":true}]}}