{"id":1274,"date":"2018-05-31T19:32:46","date_gmt":"2018-05-31T19:32:46","guid":{"rendered":"http:\/\/www.cityhungary.eu\/holnapvarosaertdij\/?p=1274"},"modified":"2018-05-31T19:32:46","modified_gmt":"2018-05-31T19:32:46","slug":"nem-mindegy-hol-es-hogyan-elunk-startol-a-holnap-varosaert-dij-2018","status":"publish","type":"post","link":"https:\/\/www.cityhungary.eu\/holnapvarosaertdij\/nem-mindegy-hol-es-hogyan-elunk-startol-a-holnap-varosaert-dij-2018\/","title":{"rendered":"Startol a Holnap v\u00e1ros\u00e1\u00e9rt D\u00edj 2018"},"content":{"rendered":"<p><strong>\u00dajra lehet p\u00e1ly\u00e1zni a Holnap v\u00e1ros\u00e1\u00e9rt D\u00edjra. A 2010-ben alap\u00edtott City Hungary a fenntarthat\u00f3 \u00e9s \u00e9lhet\u0151 magyar v\u00e1rosok vezet\u0151 f\u00f3ruma. Minden, ami v\u00e1ros! <\/strong><br \/>\n<strong>A Program c\u00e9lja, hogy olyan sikeres hazai \u00e9s nemzetk\u00f6zi modelleket mutasson be, melyek min\u00e9l magasabb \u00e9letmin\u0151s\u00e9get biztos\u00edtanak az itt \u00e9l\u0151knek. E Program r\u00e9sze a 2013-ban alap\u00edtott nemzeti fenntarthat\u00f3 v\u00e1rosd\u00edj, a Holnap v\u00e1ros\u00e1\u00e9rt D\u00edj.<\/strong><\/p>\n<p><!--more--><\/p>\n<p>\u201e A glob\u00e1lis probl\u00e9m\u00e1k megold\u00e1s\u00e1ra ir\u00e1nyul\u00f3 ENSZ Fenntarthat\u00f3 Fejl\u0151d\u00e9s 17 c\u00e9ljai (Sustainable Developement Goals\/SDG) k\u00f6z\u00f6tt konkr\u00e9tan szerepel a befogad\u00f3, biztons\u00e1gos, ellen\u00e1ll\u00f3k\u00e9pes \u00e9s fenntarthat\u00f3 v\u00e1rosok \u00e9s egy\u00e9b telep\u00fcl\u00e9sek kialak\u00edt\u00e1sa. Viszont az \u00e1ltal\u00e1nos c\u00e9lok meghat\u00e1roz\u00e1sa nem elegend\u0151. Az alulr\u00f3l \u00e9p\u00edtkez\u0151 \u2013 ak\u00e1r orsz\u00e1gonk\u00e9nti, nemzetenk\u00e9nti &#8211; gyakorlati mint\u00e1k hozhatj\u00e1k meg a kell\u0151 eredm\u00e9nyt. S \u00edgy val\u00f3sulhat meg a fenntarthat\u00f3 v\u00e1ros v\u00edzi\u00f3ja a magasabb \u00e9letmin\u0151s\u00e9g szinonim\u00e1jak\u00e9nt. Mint az eg\u00e9szs\u00e9ges, z\u00f6ld k\u00f6rnyezet, az okos, modern technol\u00f3gia haszn\u00e1lata, fenntarthat\u00f3 k\u00f6zleked\u00e9s, min\u0151s\u00e9gi munkahelyek, kikapcsol\u00f3d\u00e1si \u00e9s pihen\u0151helyek, parkok, sz\u00ednvonala oktat\u00e1s \u00e9s kult\u00fara&#8230;<\/p>\n<p>A\u00a0Holnap v\u00e1ros\u00e1\u00e9rt D\u00edj\u00a0\u00f6szt\u00f6nz\u0151 a jobbra, a modernebbre, a fenntarthat\u00f3bbra, az \u00e9lhet\u0151bbre,\u00a0a magasabb \u00e9letsz\u00ednvonalra t\u00f6rekv\u0151\u00a0magyar v\u00e1rosi \u00f6nkorm\u00e1nyzatok,\u00a0egyes kateg\u00f3ri\u00e1kban a v\u00e1llalkoz\u00e1sok sz\u00e1m\u00e1ra.<\/p>\n<p>Az ut\u00f3bbi 6 \u00e9v alatt olyan helyi k\u00f6z\u00f6ss\u00e9gek, helyi emberek pozit\u00edv p\u00e9ld\u00e1inak sor\u00e1t l\u00e1ttuk a nyertes p\u00e1ly\u00e1zatok k\u00f6z\u00f6tt, melyek (akik) \u00a0joggal\u00a0 ker\u00fcltek a Holnap v\u00e1ros\u00e1\u00e9rt d\u00edjazottak list\u00e1j\u00e1ra. \u00c9rt\u00e9kek \u00e9s emberek&#8230;Emberek \u00e9s \u00e9letek&#8230; \u00c9letek \u00e9s v\u00e1rosok&#8230;V\u00e1rosok \u00e9s otthonok&#8230;Ahol j\u00f3 \u00e9lni, ahol j\u00f3 dolgozni.\u201d<br \/>\n&#8211; nyilatkozta <strong>Tak\u00e1cs J\u00falia, a City Hungary \u00fcgyvezet\u0151 igazgat\u00f3ja<\/strong>.<\/p>\n<p><strong>V\u00e9dn\u00f6k, a Bizotts\u00e1g eln\u00f6ke:<\/strong><br \/>\ndr. R\u00e9thelyi Mikl\u00f3s,<br \/>\naz UNESCO Magyar Nemzeti Bizotts\u00e1g\u00e1nak az eln\u00f6ke<\/p>\n<p>A D\u00edj rangj\u00e1t \u00e9s preszt\u00edzs\u00e9t jelzi az egy\u00fcttm\u0171k\u00f6d\u0151 szervezetek list\u00e1ja.<br \/>\nA kezdetekt\u0151l a Holnap v\u00e1ros\u00e1\u00e9rt D\u00edj mell\u00e9 \u00e1llt t\u00f6bbek k\u00f6z\u00f6tt:<\/p>\n<p>\u00b7\u00a0\u00a0\u00a0\u00a0\u00a0\u00a0 az\u00a0UNESCO Magyar Nemzeti Bizotts\u00e1ga<\/p>\n<p>\u00b7\u00a0\u00a0\u00a0\u00a0\u00a0\u00a0 a Kisv\u00e1rosi \u00d6nkorm\u00e1nyzatok Orsz\u00e1gos \u00c9rdeksz\u00f6vets\u00e9ge<\/p>\n<p>\u00b7\u00a0\u00a0\u00a0\u00a0\u00a0\u00a0 a Magyar \u00d6nkorm\u00e1nyzatok Sz\u00f6vets\u00e9ge<\/p>\n<p>\u00b7\u00a0\u00a0\u00a0\u00a0\u00a0\u00a0 Pest Megye \u00d6nkorm\u00e1nyzata<\/p>\n<p>\u00b7\u00a0\u00a0\u00a0\u00a0\u00a0\u00a0 a Telep\u00fcl\u00e9si \u00d6nkorm\u00e1nyzatok Orsz\u00e1gos Sz\u00f6vets\u00e9ge<\/p>\n<p>\u00b7\u00a0\u00a0\u00a0\u00a0\u00a0\u00a0 a N\u00e9met-Magyar Ipari-\u00e9s Kereskedelmi Kamara.<\/p>\n<p><strong>2018-ben a k\u00f6vetkez\u0151 kateg\u00f3ri\u00e1kban lehet p\u00e1ly\u00e1zni:<\/strong><\/p>\n<p>1.\u00a0\u00a0\u00a0\u00a0 \u00a0Fenntarthat\u00f3 v\u00e1ros\u00e9rt<\/p>\n<p>2.\u00a0\u00a0\u00a0\u00a0 \u00a0Tiszta v\u00e1ros\u00e9rt<br \/>\n\u2013 a felel\u0151s \u00e9s fenntarthat\u00f3 hullad\u00e9kgazd\u00e1lkod\u00e1si rendszer<\/p>\n<p>3.\u00a0\u00a0\u00a0\u00a0 \u00a0Term\u00e9szeti er\u0151forr\u00e1sok hat\u00e9konys\u00e1g\u00e1\u00e9rt<\/p>\n<p>4.\u00a0\u00a0\u00a0\u00a0 \u00a0\u00dczlet a v\u00e1ros\u00e9rt<\/p>\n<p>5.\u00a0\u00a0\u00a0\u00a0 \u00a0Fenntarthat\u00f3 k\u00f6z\u00f6ss\u00e9gek\u00e9rt<br \/>\n(A Kult\u00fara, az \u00d6r\u00f6ks\u00e9g, a M\u0171v\u00e9szet meg\u0151rz\u00e9s\u00e9\u00e9rt)<\/p>\n<p>6.\u00a0\u00a0\u00a0\u00a0 \u00a0Mozg\u00e1sban a v\u00e1ros!<br \/>\n\u2013 a fenntarthat\u00f3 sz\u00e1ll\u00edt\u00e1s\u00e9rt \u00e9s k\u00f6zleked\u00e9s\u00e9rt<\/p>\n<p><strong>A B\u00edr\u00e1l\u00f3 Bizotts\u00e1g tagjai:<\/strong><\/p>\n<p>\u00b7\u00a0\u00a0\u00a0\u00a0\u00a0\u00a0 <strong>dr. R\u00e9thelyi Mikl\u00f3s<\/strong>,<br \/>\naz UNESCO Magyar Nemzeti Bizotts\u00e1g\u00e1nak az eln\u00f6ke, a\u00a0 \u00a0 \u00a0 \u00a0 \u00a0Bizotts\u00e1g eln\u00f6ke<\/p>\n<p>\u00b7\u00a0\u00a0\u00a0\u00a0\u00a0\u00a0 <strong>Tak\u00e1cs J\u00falia<\/strong>,<br \/>\na City Hungary \u00fcgyvezet\u0151 igazgat\u00f3ja<\/p>\n<p>\u00b7\u00a0\u00a0\u00a0\u00a0\u00a0\u00a0 <strong>dr. Do\u00f3r Zolt\u00e1n<\/strong>,<br \/>\na Magyar Logisztikai Egyes\u00fclet eln\u00f6ke<\/p>\n<p>\u00b7\u00a0\u00a0\u00a0\u00a0\u00a0\u00a0 <strong>Lip\u0151k S\u00e1ndor,<\/strong><br \/>\na Kisv\u00e1rosi \u00d6nkorm\u00e1nyzatok Orsz\u00e1gos \u00c9rdeksz\u00f6vets\u00e9g\u00e9nek az\u00a0 eln\u00f6ke<\/p>\n<p>\u00b7\u00a0\u00a0\u00a0\u00a0\u00a0\u00a0 <strong>Dr. P\u00e1lv\u00f6lgyi Tam\u00e1s,<\/strong> tansz\u00e9kvezet\u0151 egyetemi docens<br \/>\n(BME K\u00f6rnyezetgazdas\u00e1gtan tansz\u00e9k))<\/p>\n<p>\u00b7\u00a0\u00a0\u00a0\u00a0\u00a0<strong>\u00a0 Schmidt Jen\u0151<\/strong>,<br \/>\na Telep\u00fcl\u00e9si \u00d6nkorm\u00e1nyzatok Orsz\u00e1gos Sz\u00f6vets\u00e9g\u00e9nek az eln\u00f6ke<\/p>\n<p>\u00b7\u00a0\u00a0\u00a0\u00a0\u00a0\u00a0 <strong>dr. Sz\u0171cs Ervin<\/strong>, a Weber Shandwick \u00fcgyvezet\u0151 igazgat\u00f3ja<\/p>\n<p><span style=\"color: #993300;\"><strong>A p\u00e1ly\u00e1zati anyagok lead\u00e1si hat\u00e1rideje: 2018.08.01!<\/strong><\/span><\/p>\n<p><a href=\"http:\/\/www.cityhungary.eu\/holnapvarosaertdij\/palyazati-utmutato\/\">Kattints ide<\/a> a r\u00e9szletesebb inform\u00e1ci\u00f3khoz!<\/p>\n<p>&nbsp;<\/p>\n","protected":false},"excerpt":{"rendered":"<p>\u00dajra lehet p\u00e1ly\u00e1zni a Holnap v\u00e1ros\u00e1\u00e9rt D\u00edjra. A 2010-ben alap\u00edtott City Hungary a fenntarthat\u00f3 \u00e9s \u00e9lhet\u0151 magyar v\u00e1rosok vezet\u0151 f\u00f3ruma. Minden, ami v\u00e1ros! A Program c\u00e9lja, hogy olyan sikeres hazai \u00e9s nemzetk\u00f6zi modelleket mutasson be, melyek min\u00e9l magasabb \u00e9letmin\u0151s\u00e9get biztos\u00edtanak az itt \u00e9l\u0151knek. E Program r\u00e9sze a 2013-ban alap\u00edtott nemzeti fenntarthat\u00f3 v\u00e1rosd\u00edj, a Holnap v\u00e1ros\u00e1\u00e9rt [&hellip;]<\/p>\n","protected":false},"author":3,"featured_media":1264,"comment_status":"closed","ping_status":"closed","sticky":false,"template":"","format":"standard","meta":{"footnotes":""},"categories":[3],"tags":[192,198,165,199,160,200,201,202],"class_list":["post-1274","post","type-post","status-publish","format-standard","has-post-thumbnail","hentry","category-hirek","tag-city-hungary","tag-fenntarthato-fejlodes","tag-fenntarthato-varos","tag-holnap-varosaert-dij-2018","tag-magyar-varos","tag-onkormanyzat","tag-toosz","tag-unesco"],"yoast_head":"<!-- This site is optimized with the Yoast SEO Premium plugin v24.8 (Yoast SEO v24.9) - https:\/\/yoast.com\/wordpress\/plugins\/seo\/ -->\n<title>Startol a Holnap v\u00e1ros\u00e1\u00e9rt D\u00edj 2018 &#8226; Holnap V\u00e1ros\u00e1\u00e9rt D\u00edj<\/title>\n<meta name=\"robots\" content=\"index, follow, max-snippet:-1, max-image-preview:large, max-video-preview:-1\" \/>\n<link rel=\"canonical\" href=\"https:\/\/www.cityhungary.eu\/holnapvarosaertdij\/nem-mindegy-hol-es-hogyan-elunk-startol-a-holnap-varosaert-dij-2018\/\" \/>\n<meta property=\"og:locale\" content=\"hu_HU\" \/>\n<meta property=\"og:type\" content=\"article\" \/>\n<meta property=\"og:title\" content=\"Startol a Holnap v\u00e1ros\u00e1\u00e9rt D\u00edj 2018\" \/>\n<meta property=\"og:description\" content=\"\u00dajra lehet p\u00e1ly\u00e1zni a Holnap v\u00e1ros\u00e1\u00e9rt D\u00edjra. A 2010-ben alap\u00edtott City Hungary a fenntarthat\u00f3 \u00e9s \u00e9lhet\u0151 magyar v\u00e1rosok vezet\u0151 f\u00f3ruma. Minden, ami v\u00e1ros! A Program c\u00e9lja, hogy olyan sikeres hazai \u00e9s nemzetk\u00f6zi modelleket mutasson be, melyek min\u00e9l magasabb \u00e9letmin\u0151s\u00e9get biztos\u00edtanak az itt \u00e9l\u0151knek. E Program r\u00e9sze a 2013-ban alap\u00edtott nemzeti fenntarthat\u00f3 v\u00e1rosd\u00edj, a Holnap v\u00e1ros\u00e1\u00e9rt [&hellip;]\" \/>\n<meta property=\"og:url\" content=\"https:\/\/www.cityhungary.eu\/holnapvarosaertdij\/nem-mindegy-hol-es-hogyan-elunk-startol-a-holnap-varosaert-dij-2018\/\" \/>\n<meta property=\"og:site_name\" content=\"Holnap V\u00e1ros\u00e1\u00e9rt D\u00edj\" \/>\n<meta property=\"article:published_time\" content=\"2018-05-31T19:32:46+00:00\" \/>\n<meta name=\"author\" content=\"admin\" \/>\n<meta name=\"twitter:card\" content=\"summary_large_image\" \/>\n<meta name=\"twitter:label1\" content=\"Szerz\u0151:\" \/>\n\t<meta name=\"twitter:data1\" content=\"admin\" \/>\n\t<meta name=\"twitter:label2\" content=\"Becs\u00fclt olvas\u00e1si id\u0151\" \/>\n\t<meta name=\"twitter:data2\" content=\"3 perc\" \/>\n<script type=\"application\/ld+json\" class=\"yoast-schema-graph\">{\"@context\":\"https:\/\/schema.org\",\"@graph\":[{\"@type\":\"Article\",\"@id\":\"https:\/\/www.cityhungary.eu\/holnapvarosaertdij\/nem-mindegy-hol-es-hogyan-elunk-startol-a-holnap-varosaert-dij-2018\/#article\",\"isPartOf\":{\"@id\":\"https:\/\/www.cityhungary.eu\/holnapvarosaertdij\/nem-mindegy-hol-es-hogyan-elunk-startol-a-holnap-varosaert-dij-2018\/\"},\"author\":{\"name\":\"admin\",\"@id\":\"https:\/\/www.cityhungary.eu\/holnapvarosaertdij\/#\/schema\/person\/f941ae49574cfce245e54052df4c568a\"},\"headline\":\"Startol a Holnap v\u00e1ros\u00e1\u00e9rt D\u00edj 2018\",\"datePublished\":\"2018-05-31T19:32:46+00:00\",\"mainEntityOfPage\":{\"@id\":\"https:\/\/www.cityhungary.eu\/holnapvarosaertdij\/nem-mindegy-hol-es-hogyan-elunk-startol-a-holnap-varosaert-dij-2018\/\"},\"wordCount\":659,\"publisher\":{\"@id\":\"https:\/\/www.cityhungary.eu\/holnapvarosaertdij\/#organization\"},\"image\":{\"@id\":\"https:\/\/www.cityhungary.eu\/holnapvarosaertdij\/nem-mindegy-hol-es-hogyan-elunk-startol-a-holnap-varosaert-dij-2018\/#primaryimage\"},\"thumbnailUrl\":\"\",\"keywords\":[\"City Hungary\",\"fenntarthat\u00f3 fejl\u0151d\u00e9s\",\"fenntarthat\u00f3 v\u00e1ros\",\"Holnap v\u00e1ros\u00e1\u00e9rt D\u00edj 2018\",\"magyar v\u00e1ros\",\"\u00f6nkorm\u00e1nyzat\",\"T\u00d6OSZ\",\"UNESCO\"],\"articleSection\":[\"H\u00edrek\"],\"inLanguage\":\"hu\"},{\"@type\":\"WebPage\",\"@id\":\"https:\/\/www.cityhungary.eu\/holnapvarosaertdij\/nem-mindegy-hol-es-hogyan-elunk-startol-a-holnap-varosaert-dij-2018\/\",\"url\":\"https:\/\/www.cityhungary.eu\/holnapvarosaertdij\/nem-mindegy-hol-es-hogyan-elunk-startol-a-holnap-varosaert-dij-2018\/\",\"name\":\"Startol a Holnap v\u00e1ros\u00e1\u00e9rt D\u00edj 2018 &#8226; Holnap V\u00e1ros\u00e1\u00e9rt D\u00edj\",\"isPartOf\":{\"@id\":\"https:\/\/www.cityhungary.eu\/holnapvarosaertdij\/#website\"},\"primaryImageOfPage\":{\"@id\":\"https:\/\/www.cityhungary.eu\/holnapvarosaertdij\/nem-mindegy-hol-es-hogyan-elunk-startol-a-holnap-varosaert-dij-2018\/#primaryimage\"},\"image\":{\"@id\":\"https:\/\/www.cityhungary.eu\/holnapvarosaertdij\/nem-mindegy-hol-es-hogyan-elunk-startol-a-holnap-varosaert-dij-2018\/#primaryimage\"},\"thumbnailUrl\":\"\",\"datePublished\":\"2018-05-31T19:32:46+00:00\",\"breadcrumb\":{\"@id\":\"https:\/\/www.cityhungary.eu\/holnapvarosaertdij\/nem-mindegy-hol-es-hogyan-elunk-startol-a-holnap-varosaert-dij-2018\/#breadcrumb\"},\"inLanguage\":\"hu\",\"potentialAction\":[{\"@type\":\"ReadAction\",\"target\":[\"https:\/\/www.cityhungary.eu\/holnapvarosaertdij\/nem-mindegy-hol-es-hogyan-elunk-startol-a-holnap-varosaert-dij-2018\/\"]}]},{\"@type\":\"ImageObject\",\"inLanguage\":\"hu\",\"@id\":\"https:\/\/www.cityhungary.eu\/holnapvarosaertdij\/nem-mindegy-hol-es-hogyan-elunk-startol-a-holnap-varosaert-dij-2018\/#primaryimage\",\"url\":\"\",\"contentUrl\":\"\"},{\"@type\":\"BreadcrumbList\",\"@id\":\"https:\/\/www.cityhungary.eu\/holnapvarosaertdij\/nem-mindegy-hol-es-hogyan-elunk-startol-a-holnap-varosaert-dij-2018\/#breadcrumb\",\"itemListElement\":[{\"@type\":\"ListItem\",\"position\":1,\"name\":\"Kezd\u0151lap\",\"item\":\"https:\/\/www.cityhungary.eu\/holnapvarosaertdij\/\"},{\"@type\":\"ListItem\",\"position\":2,\"name\":\"Startol a Holnap v\u00e1ros\u00e1\u00e9rt D\u00edj 2018\"}]},{\"@type\":\"WebSite\",\"@id\":\"https:\/\/www.cityhungary.eu\/holnapvarosaertdij\/#website\",\"url\":\"https:\/\/www.cityhungary.eu\/holnapvarosaertdij\/\",\"name\":\"Holnap V\u00e1ros\u00e1\u00e9rt D\u00edj\",\"description\":\"A fenntarthat\u00f3 \u00e9s \u00e9lhet\u0151 v\u00e1rosok\u00e9rt\",\"publisher\":{\"@id\":\"https:\/\/www.cityhungary.eu\/holnapvarosaertdij\/#organization\"},\"potentialAction\":[{\"@type\":\"SearchAction\",\"target\":{\"@type\":\"EntryPoint\",\"urlTemplate\":\"https:\/\/www.cityhungary.eu\/holnapvarosaertdij\/?s={search_term_string}\"},\"query-input\":{\"@type\":\"PropertyValueSpecification\",\"valueRequired\":true,\"valueName\":\"search_term_string\"}}],\"inLanguage\":\"hu\"},{\"@type\":\"Organization\",\"@id\":\"https:\/\/www.cityhungary.eu\/holnapvarosaertdij\/#organization\",\"name\":\"Holnap V\u00e1ros\u00e1\u00e9rt D\u00edj\",\"alternateName\":\"Holnap V\u00e1ros\u00e1\u00e9rt D\u00edj\",\"url\":\"https:\/\/www.cityhungary.eu\/holnapvarosaertdij\/\",\"logo\":{\"@type\":\"ImageObject\",\"inLanguage\":\"hu\",\"@id\":\"https:\/\/www.cityhungary.eu\/holnapvarosaertdij\/#\/schema\/logo\/image\/\",\"url\":\"https:\/\/www.cityhungary.eu\/holnapvarosaertdij\/wp-content\/uploads\/2024\/05\/holnap_varosaert_dij_logo.png\",\"contentUrl\":\"https:\/\/www.cityhungary.eu\/holnapvarosaertdij\/wp-content\/uploads\/2024\/05\/holnap_varosaert_dij_logo.png\",\"width\":2000,\"height\":772,\"caption\":\"Holnap V\u00e1ros\u00e1\u00e9rt D\u00edj\"},\"image\":{\"@id\":\"https:\/\/www.cityhungary.eu\/holnapvarosaertdij\/#\/schema\/logo\/image\/\"}},{\"@type\":\"Person\",\"@id\":\"https:\/\/www.cityhungary.eu\/holnapvarosaertdij\/#\/schema\/person\/f941ae49574cfce245e54052df4c568a\",\"name\":\"admin\",\"image\":{\"@type\":\"ImageObject\",\"inLanguage\":\"hu\",\"@id\":\"https:\/\/www.cityhungary.eu\/holnapvarosaertdij\/#\/schema\/person\/image\/\",\"url\":\"https:\/\/secure.gravatar.com\/avatar\/695cd20ee5957c6777facc32078fa85cb7cdffedb5d2de1468632b484040f677?s=96&d=mm&r=g\",\"contentUrl\":\"https:\/\/secure.gravatar.com\/avatar\/695cd20ee5957c6777facc32078fa85cb7cdffedb5d2de1468632b484040f677?s=96&d=mm&r=g\",\"caption\":\"admin\"},\"sameAs\":[\"https:\/\/www.cityhungary.eu\/holnapvarosaertdij\"],\"url\":\"https:\/\/www.cityhungary.eu\/holnapvarosaertdij\/author\/dellartstudio\/\"}]}<\/script>\n<!-- \/ Yoast SEO Premium plugin. -->","yoast_head_json":{"title":"Startol a Holnap v\u00e1ros\u00e1\u00e9rt D\u00edj 2018 &#8226; Holnap V\u00e1ros\u00e1\u00e9rt D\u00edj","robots":{"index":"index","follow":"follow","max-snippet":"max-snippet:-1","max-image-preview":"max-image-preview:large","max-video-preview":"max-video-preview:-1"},"canonical":"https:\/\/www.cityhungary.eu\/holnapvarosaertdij\/nem-mindegy-hol-es-hogyan-elunk-startol-a-holnap-varosaert-dij-2018\/","og_locale":"hu_HU","og_type":"article","og_title":"Startol a Holnap v\u00e1ros\u00e1\u00e9rt D\u00edj 2018","og_description":"\u00dajra lehet p\u00e1ly\u00e1zni a Holnap v\u00e1ros\u00e1\u00e9rt D\u00edjra. A 2010-ben alap\u00edtott City Hungary a fenntarthat\u00f3 \u00e9s \u00e9lhet\u0151 magyar v\u00e1rosok vezet\u0151 f\u00f3ruma. Minden, ami v\u00e1ros! A Program c\u00e9lja, hogy olyan sikeres hazai \u00e9s nemzetk\u00f6zi modelleket mutasson be, melyek min\u00e9l magasabb \u00e9letmin\u0151s\u00e9get biztos\u00edtanak az itt \u00e9l\u0151knek. E Program r\u00e9sze a 2013-ban alap\u00edtott nemzeti fenntarthat\u00f3 v\u00e1rosd\u00edj, a Holnap v\u00e1ros\u00e1\u00e9rt [&hellip;]","og_url":"https:\/\/www.cityhungary.eu\/holnapvarosaertdij\/nem-mindegy-hol-es-hogyan-elunk-startol-a-holnap-varosaert-dij-2018\/","og_site_name":"Holnap V\u00e1ros\u00e1\u00e9rt D\u00edj","article_published_time":"2018-05-31T19:32:46+00:00","author":"admin","twitter_card":"summary_large_image","twitter_misc":{"Szerz\u0151:":"admin","Becs\u00fclt olvas\u00e1si id\u0151":"3 perc"},"schema":{"@context":"https:\/\/schema.org","@graph":[{"@type":"Article","@id":"https:\/\/www.cityhungary.eu\/holnapvarosaertdij\/nem-mindegy-hol-es-hogyan-elunk-startol-a-holnap-varosaert-dij-2018\/#article","isPartOf":{"@id":"https:\/\/www.cityhungary.eu\/holnapvarosaertdij\/nem-mindegy-hol-es-hogyan-elunk-startol-a-holnap-varosaert-dij-2018\/"},"author":{"name":"admin","@id":"https:\/\/www.cityhungary.eu\/holnapvarosaertdij\/#\/schema\/person\/f941ae49574cfce245e54052df4c568a"},"headline":"Startol a Holnap v\u00e1ros\u00e1\u00e9rt D\u00edj 2018","datePublished":"2018-05-31T19:32:46+00:00","mainEntityOfPage":{"@id":"https:\/\/www.cityhungary.eu\/holnapvarosaertdij\/nem-mindegy-hol-es-hogyan-elunk-startol-a-holnap-varosaert-dij-2018\/"},"wordCount":659,"publisher":{"@id":"https:\/\/www.cityhungary.eu\/holnapvarosaertdij\/#organization"},"image":{"@id":"https:\/\/www.cityhungary.eu\/holnapvarosaertdij\/nem-mindegy-hol-es-hogyan-elunk-startol-a-holnap-varosaert-dij-2018\/#primaryimage"},"thumbnailUrl":"","keywords":["City Hungary","fenntarthat\u00f3 fejl\u0151d\u00e9s","fenntarthat\u00f3 v\u00e1ros","Holnap v\u00e1ros\u00e1\u00e9rt D\u00edj 2018","magyar v\u00e1ros","\u00f6nkorm\u00e1nyzat","T\u00d6OSZ","UNESCO"],"articleSection":["H\u00edrek"],"inLanguage":"hu"},{"@type":"WebPage","@id":"https:\/\/www.cityhungary.eu\/holnapvarosaertdij\/nem-mindegy-hol-es-hogyan-elunk-startol-a-holnap-varosaert-dij-2018\/","url":"https:\/\/www.cityhungary.eu\/holnapvarosaertdij\/nem-mindegy-hol-es-hogyan-elunk-startol-a-holnap-varosaert-dij-2018\/","name":"Startol a Holnap v\u00e1ros\u00e1\u00e9rt D\u00edj 2018 &#8226; Holnap V\u00e1ros\u00e1\u00e9rt D\u00edj","isPartOf":{"@id":"https:\/\/www.cityhungary.eu\/holnapvarosaertdij\/#website"},"primaryImageOfPage":{"@id":"https:\/\/www.cityhungary.eu\/holnapvarosaertdij\/nem-mindegy-hol-es-hogyan-elunk-startol-a-holnap-varosaert-dij-2018\/#primaryimage"},"image":{"@id":"https:\/\/www.cityhungary.eu\/holnapvarosaertdij\/nem-mindegy-hol-es-hogyan-elunk-startol-a-holnap-varosaert-dij-2018\/#primaryimage"},"thumbnailUrl":"","datePublished":"2018-05-31T19:32:46+00:00","breadcrumb":{"@id":"https:\/\/www.cityhungary.eu\/holnapvarosaertdij\/nem-mindegy-hol-es-hogyan-elunk-startol-a-holnap-varosaert-dij-2018\/#breadcrumb"},"inLanguage":"hu","potentialAction":[{"@type":"ReadAction","target":["https:\/\/www.cityhungary.eu\/holnapvarosaertdij\/nem-mindegy-hol-es-hogyan-elunk-startol-a-holnap-varosaert-dij-2018\/"]}]},{"@type":"ImageObject","inLanguage":"hu","@id":"https:\/\/www.cityhungary.eu\/holnapvarosaertdij\/nem-mindegy-hol-es-hogyan-elunk-startol-a-holnap-varosaert-dij-2018\/#primaryimage","url":"","contentUrl":""},{"@type":"BreadcrumbList","@id":"https:\/\/www.cityhungary.eu\/holnapvarosaertdij\/nem-mindegy-hol-es-hogyan-elunk-startol-a-holnap-varosaert-dij-2018\/#breadcrumb","itemListElement":[{"@type":"ListItem","position":1,"name":"Kezd\u0151lap","item":"https:\/\/www.cityhungary.eu\/holnapvarosaertdij\/"},{"@type":"ListItem","position":2,"name":"Startol a Holnap v\u00e1ros\u00e1\u00e9rt D\u00edj 2018"}]},{"@type":"WebSite","@id":"https:\/\/www.cityhungary.eu\/holnapvarosaertdij\/#website","url":"https:\/\/www.cityhungary.eu\/holnapvarosaertdij\/","name":"Holnap V\u00e1ros\u00e1\u00e9rt D\u00edj","description":"A fenntarthat\u00f3 \u00e9s \u00e9lhet\u0151 v\u00e1rosok\u00e9rt","publisher":{"@id":"https:\/\/www.cityhungary.eu\/holnapvarosaertdij\/#organization"},"potentialAction":[{"@type":"SearchAction","target":{"@type":"EntryPoint","urlTemplate":"https:\/\/www.cityhungary.eu\/holnapvarosaertdij\/?s={search_term_string}"},"query-input":{"@type":"PropertyValueSpecification","valueRequired":true,"valueName":"search_term_string"}}],"inLanguage":"hu"},{"@type":"Organization","@id":"https:\/\/www.cityhungary.eu\/holnapvarosaertdij\/#organization","name":"Holnap V\u00e1ros\u00e1\u00e9rt D\u00edj","alternateName":"Holnap V\u00e1ros\u00e1\u00e9rt D\u00edj","url":"https:\/\/www.cityhungary.eu\/holnapvarosaertdij\/","logo":{"@type":"ImageObject","inLanguage":"hu","@id":"https:\/\/www.cityhungary.eu\/holnapvarosaertdij\/#\/schema\/logo\/image\/","url":"https:\/\/www.cityhungary.eu\/holnapvarosaertdij\/wp-content\/uploads\/2024\/05\/holnap_varosaert_dij_logo.png","contentUrl":"https:\/\/www.cityhungary.eu\/holnapvarosaertdij\/wp-content\/uploads\/2024\/05\/holnap_varosaert_dij_logo.png","width":2000,"height":772,"caption":"Holnap V\u00e1ros\u00e1\u00e9rt D\u00edj"},"image":{"@id":"https:\/\/www.cityhungary.eu\/holnapvarosaertdij\/#\/schema\/logo\/image\/"}},{"@type":"Person","@id":"https:\/\/www.cityhungary.eu\/holnapvarosaertdij\/#\/schema\/person\/f941ae49574cfce245e54052df4c568a","name":"admin","image":{"@type":"ImageObject","inLanguage":"hu","@id":"https:\/\/www.cityhungary.eu\/holnapvarosaertdij\/#\/schema\/person\/image\/","url":"https:\/\/secure.gravatar.com\/avatar\/695cd20ee5957c6777facc32078fa85cb7cdffedb5d2de1468632b484040f677?s=96&d=mm&r=g","contentUrl":"https:\/\/secure.gravatar.com\/avatar\/695cd20ee5957c6777facc32078fa85cb7cdffedb5d2de1468632b484040f677?s=96&d=mm&r=g","caption":"admin"},"sameAs":["https:\/\/www.cityhungary.eu\/holnapvarosaertdij"],"url":"https:\/\/www.cityhungary.eu\/holnapvarosaertdij\/author\/dellartstudio\/"}]}},"_links":{"self":[{"href":"https:\/\/www.cityhungary.eu\/holnapvarosaertdij\/wp-json\/wp\/v2\/posts\/1274","targetHints":{"allow":["GET"]}}],"collection":[{"href":"https:\/\/www.cityhungary.eu\/holnapvarosaertdij\/wp-json\/wp\/v2\/posts"}],"about":[{"href":"https:\/\/www.cityhungary.eu\/holnapvarosaertdij\/wp-json\/wp\/v2\/types\/post"}],"author":[{"embeddable":true,"href":"https:\/\/www.cityhungary.eu\/holnapvarosaertdij\/wp-json\/wp\/v2\/users\/3"}],"replies":[{"embeddable":true,"href":"https:\/\/www.cityhungary.eu\/holnapvarosaertdij\/wp-json\/wp\/v2\/comments?post=1274"}],"version-history":[{"count":0,"href":"https:\/\/www.cityhungary.eu\/holnapvarosaertdij\/wp-json\/wp\/v2\/posts\/1274\/revisions"}],"wp:featuredmedia":[{"embeddable":true,"href":"https:\/\/www.cityhungary.eu\/holnapvarosaertdij\/wp-json\/"}],"wp:attachment":[{"href":"https:\/\/www.cityhungary.eu\/holnapvarosaertdij\/wp-json\/wp\/v2\/media?parent=1274"}],"wp:term":[{"taxonomy":"category","embeddable":true,"href":"https:\/\/www.cityhungary.eu\/holnapvarosaertdij\/wp-json\/wp\/v2\/categories?post=1274"},{"taxonomy":"post_tag","embeddable":true,"href":"https:\/\/www.cityhungary.eu\/holnapvarosaertdij\/wp-json\/wp\/v2\/tags?post=1274"}],"curies":[{"name":"wp","href":"https:\/\/api.w.org\/{rel}","templated":true}]}}