{"id":1310,"date":"2018-07-19T11:29:31","date_gmt":"2018-07-19T11:29:31","guid":{"rendered":"http:\/\/www.cityhungary.eu\/holnapvarosaertdij\/?p=1310"},"modified":"2018-07-19T11:29:31","modified_gmt":"2018-07-19T11:29:31","slug":"hogyan-mukodnek-egyutt-a-cegek-a-varosokkal","status":"publish","type":"post","link":"https:\/\/www.cityhungary.eu\/holnapvarosaertdij\/hogyan-mukodnek-egyutt-a-cegek-a-varosokkal\/","title":{"rendered":"Hogyan m\u0171k\u00f6dnek egy\u00fctt a c\u00e9gek a v\u00e1rosokkal?"},"content":{"rendered":"<p><strong>Iszony, viszony, k\u00f6z\u00f6mb\u00f6ss\u00e9g?<\/strong><br \/>\n<strong>Hogyan m\u0171k\u00f6dnek egy\u00fctt a c\u00e9gek a v\u00e1rosokkal?<\/strong><br \/>\n<strong>\u00c9letk\u00e9pes gazdas\u00e1g, befektet\u0151bar\u00e1t v\u00e1rospolitika?<\/strong><br \/>\n<strong>A fenntarthat\u00f3 v\u00e1rospolitika? Csak az ipar\u0171z\u00e9si ad\u00f3, mint k\u00f6ld\u00f6kzsin\u00f3r v\u00e1llalkoz\u00e1s \u00e9s v\u00e1ros k\u00f6z\u00f6tt? Mit tesz a v\u00e1llalkoz\u00e1s a v\u00e1ros\u00e9rt? M\u00e9g p\u00e1ly\u00e1zhat a Holnap v\u00e1ros\u00e1\u00e9rt D\u00edjra!<br \/>\n2018.08.31-ig v\u00e1rjuk a p\u00e1ly\u00e1zatokat!<\/strong><\/p>\n<p><!--more--><br \/>\nA v\u00e1rosban \u00e9l\u0151k szempontj\u00e1b\u00f3l sem mindegy, hogy milyen kapcsolat<br \/>\nalakul ki a helyi k\u00f6z\u00f6ss\u00e9g\u00a0\u00e9s az \u00fczleti vil\u00e1g k\u00e9pvisel\u0151i k\u00f6z\u00f6tt.<br \/>\nLehet, hogy szenvtelen k\u00f6z\u00f6mb\u00f6ss\u00e9ggel, csak az ipar\u0171z\u00e9si ad\u00f3 befizet\u00e9se k\u00f6ti a c\u00e9get a helyi k\u00f6z\u00f6ss\u00e9ghez? Lehet, hogy \u00e1lland\u00f3 konfliktusok tark\u00edtj\u00e1k a v\u00e1llalkoz\u00e1s tev\u00e9kenys\u00e9g\u00e9t a helyi k\u00f6z\u00f6ss\u00e9gben?<br \/>\n\u00c9s az is el\u0151fordulhat, hogy a c\u00e9g szerves r\u00e9sz\u00e9v\u00e9 v\u00e1lik a telep\u00fcl\u00e9snek,<br \/>\ns \u00edgy a k\u00f6lcs\u00f6n\u00f6ss\u00e9g jegy\u00e9ben a nyer \u00e9s nyer viszony csak tov\u00e1bb er\u0151s\u00edti, t\u00e1mogatja a v\u00e1ros fenntarthat\u00f3s\u00e1g\u00e1t?<br \/>\nMilyen magyar megold\u00e1sok vannak a fenntarthat\u00f3 v\u00e1rosok \u00e9p\u00edt\u00e9s\u00e9ben?<\/p>\n<p><strong>\u00a0A c\u00e9gek n\u00e9lk\u00fcl nem megy!<\/strong><br \/>\nA n\u00f6vekv\u0151 v\u00e1rosok ir\u00e1ny\u00edt\u00e1sa \u00e9s er\u0151forr\u00e1s optimaliz\u00e1l\u00e1sa olyan<br \/>\nrendk\u00edv\u00fcli feladat, mely nagy ig\u00e9nyeket t\u00e1maszt az infrastrukt\u00far\u00e1val<br \/>\n\u00e9s a k\u00f6rnyezetv\u00e9delemmel szemben. S nem mindegy az sem, hogy<br \/>\na hum\u00e1n er\u0151forr\u00e1s hogyan fejl\u0151dik, milyen \u00e1llapotban lesz a v\u00e1rosokban.<\/p>\n<p>Olyan megold\u00e1sokat keres\u00fcnk, melyek egyr\u00e9szt t\u00e1mogatj\u00e1k<br \/>\na gazdas\u00e1gi fejl\u0151d\u00e9st, m\u00e1sr\u00e9szt cs\u00f6kkentik a szennyez\u00e9st<br \/>\n\u00e9s a hullad\u00e9kot.<br \/>\nHozz\u00e1j\u00e1rulnak a helyi k\u00f6z\u00f6ss\u00e9gek identit\u00e1s\u00e1hoz.<\/p>\n<p>Azaz a c\u00e9l, hogy eg\u00e9szs\u00e9ges, vonz\u00f3, fenntarthat\u00f3 v\u00e1rosokat hozzunk l\u00e9tre az emberek sz\u00e1m\u00e1ra, hogy j\u00f3l \u00e9ljenek \u00e9s dolgozhassanak a v\u00e1rosokban.<\/p>\n<p>A v\u00e1rosir\u00e1ny\u00edt\u00e1snak v\u00e9ges er\u0151forr\u00e1sai miatt is \u00e9s a helyi ig\u00e9nyekhez igazod\u00f3 megold\u00e1sok \u00e9rdek\u00e9ben is partners\u00e9gi viszonyt sz\u00fcks\u00e9ges kialak\u00edtaniuk<\/p>\n<p><strong>a.) a k\u00f6zm\u0171vek k\u00e9pvisel\u0151ivel <\/strong><br \/>\nA v\u00edzzel, a hullad\u00e9kkal, az energi\u00e1val foglalkoz\u00f3 k\u00f6zm\u0171vekkel annak<br \/>\n\u00e9rdek\u00e9ben, hogy javuljanak a szolg\u00e1ltat\u00e1sok, minim\u00e1lisra cs\u00f6kkenjen<br \/>\na hullad\u00e9k, \u00e9s a v\u00e1ros k\u00f6rnyezeti l\u00e1bnyoma.<\/p>\n<p><strong>b.) a c\u00e9gekkel, mint megold\u00e1s szolg\u00e1ltat\u00f3kkal<\/strong><br \/>\nAk\u00e1r egy megfelel\u0151 technol\u00f3gia is probl\u00e9ma megold\u00e1s\u00e1t hozhatja.<br \/>\nDe partnerek pl. az ingatlanfejleszt\u0151k, infrastrukt\u00fara-szolg\u00e1ltat\u00f3k,<br \/>\nlogisztikai c\u00e9gek, k\u00fcl\u00f6nb\u00f6z\u0151 technol\u00f3giai v\u00e1llalatok a fenntarthat\u00f3s\u00e1gi c\u00e9lokat t\u00e1mogat\u00f3 megold\u00e1sok megteremt\u00e9s\u00e9nek az \u00e9rdek\u00e9ben.<\/p>\n<p><strong>V\u00e1rjuk c\u00e9gek p\u00e1ly\u00e1zatait a fenntarthat\u00f3 magyar v\u00e1ros\u00e9rt!<\/strong><br \/>\n<strong>A k\u00f6vetkez\u0151 kateg\u00f3ri\u00e1kban:<\/strong><\/p>\n<ul>\n<li>\u00dczlet a v\u00e1ros\u00e9rt (pl. kult\u00fara, oktat\u00e1s, szeml\u00e9letform\u00e1l\u00e1s, programok&#8230;)<\/li>\n<li>Term\u00e9szeti er\u0151forr\u00e1sok hat\u00e9konys\u00e1g\u00e1\u00e9rt<br \/>\n(v\u00edz, energia, CO2 \u00e9s \u00f6kol\u00f3giai l\u00e1bnyom cs\u00f6kkent\u00e9se)<\/li>\n<li>\u00a0Mozg\u00e1sban a v\u00e1ros<br \/>\n(szem\u00e9ly \u00e9s \u00e1rusz\u00e1ll\u00edt\u00e1s, k\u00f6zleked\u00e9s, logisztika..)<\/li>\n<li>A tiszta v\u00e1ros\u00e9rt (felel\u0151s \u00e9s fenntarthat\u00f3 hullad\u00e9kgazd\u00e1lkod\u00e1s\u00e9rt)<strong>\n<p>M\u00e9g p\u00e1ly\u00e1zhat a Holnap v\u00e1ros\u00e1\u00e9rt D\u00edjra!<\/strong><br \/>\n<strong>2018.08.31-ig!<\/strong><br \/>\n<strong>Ne hagyja ki a lehet\u0151s\u00e9get!<\/strong><\/p>\n<p><a href=\"http:\/\/www.cityhungary.eu\/holnapvarosaertdij\/palyazati-utmutato\/\"><span style=\"color: #800000;\"><strong>KATTINTS<\/strong><\/span><\/a> <strong><span style=\"color: #800000;\">a P\u00e1ly\u00e1zati \u00fatmutat\u00f3ra!<\/span><\/strong><\/li>\n<\/ul>\n","protected":false},"excerpt":{"rendered":"<p>Iszony, viszony, k\u00f6z\u00f6mb\u00f6ss\u00e9g? Hogyan m\u0171k\u00f6dnek egy\u00fctt a c\u00e9gek a v\u00e1rosokkal? \u00c9letk\u00e9pes gazdas\u00e1g, befektet\u0151bar\u00e1t v\u00e1rospolitika? A fenntarthat\u00f3 v\u00e1rospolitika? Csak az ipar\u0171z\u00e9si ad\u00f3, mint k\u00f6ld\u00f6kzsin\u00f3r v\u00e1llalkoz\u00e1s \u00e9s v\u00e1ros k\u00f6z\u00f6tt? Mit tesz a v\u00e1llalkoz\u00e1s a v\u00e1ros\u00e9rt? M\u00e9g p\u00e1ly\u00e1zhat a Holnap v\u00e1ros\u00e1\u00e9rt D\u00edjra! 2018.08.31-ig v\u00e1rjuk a p\u00e1ly\u00e1zatokat!<\/p>\n","protected":false},"author":3,"featured_media":1312,"comment_status":"closed","ping_status":"closed","sticky":false,"template":"","format":"standard","meta":{"footnotes":""},"categories":[3],"tags":[203,165,184,169,204],"class_list":["post-1310","post","type-post","status-publish","format-standard","has-post-thumbnail","hentry","category-hirek","tag-ceg","tag-fenntarthato-varos","tag-holnap-varosaert-dij","tag-nemzeti-fenntarthato-varosdij","tag-vallalkozas"],"yoast_head":"<!-- This site is optimized with the Yoast SEO Premium plugin v24.8 (Yoast SEO v24.9) - https:\/\/yoast.com\/wordpress\/plugins\/seo\/ -->\n<title>Hogyan m\u0171k\u00f6dnek egy\u00fctt a c\u00e9gek a v\u00e1rosokkal? &#8226; Holnap V\u00e1ros\u00e1\u00e9rt D\u00edj<\/title>\n<meta name=\"robots\" content=\"index, follow, max-snippet:-1, max-image-preview:large, max-video-preview:-1\" \/>\n<link rel=\"canonical\" href=\"https:\/\/www.cityhungary.eu\/holnapvarosaertdij\/hogyan-mukodnek-egyutt-a-cegek-a-varosokkal\/\" \/>\n<meta property=\"og:locale\" content=\"hu_HU\" \/>\n<meta property=\"og:type\" content=\"article\" \/>\n<meta property=\"og:title\" content=\"Hogyan m\u0171k\u00f6dnek egy\u00fctt a c\u00e9gek a v\u00e1rosokkal?\" \/>\n<meta property=\"og:description\" content=\"Iszony, viszony, k\u00f6z\u00f6mb\u00f6ss\u00e9g? Hogyan m\u0171k\u00f6dnek egy\u00fctt a c\u00e9gek a v\u00e1rosokkal? \u00c9letk\u00e9pes gazdas\u00e1g, befektet\u0151bar\u00e1t v\u00e1rospolitika? A fenntarthat\u00f3 v\u00e1rospolitika? Csak az ipar\u0171z\u00e9si ad\u00f3, mint k\u00f6ld\u00f6kzsin\u00f3r v\u00e1llalkoz\u00e1s \u00e9s v\u00e1ros k\u00f6z\u00f6tt? Mit tesz a v\u00e1llalkoz\u00e1s a v\u00e1ros\u00e9rt? M\u00e9g p\u00e1ly\u00e1zhat a Holnap v\u00e1ros\u00e1\u00e9rt D\u00edjra! 2018.08.31-ig v\u00e1rjuk a p\u00e1ly\u00e1zatokat!\" \/>\n<meta property=\"og:url\" content=\"https:\/\/www.cityhungary.eu\/holnapvarosaertdij\/hogyan-mukodnek-egyutt-a-cegek-a-varosokkal\/\" \/>\n<meta property=\"og:site_name\" content=\"Holnap V\u00e1ros\u00e1\u00e9rt D\u00edj\" \/>\n<meta property=\"article:published_time\" content=\"2018-07-19T11:29:31+00:00\" \/>\n<meta name=\"author\" content=\"admin\" \/>\n<meta name=\"twitter:card\" content=\"summary_large_image\" \/>\n<meta name=\"twitter:label1\" content=\"Szerz\u0151:\" \/>\n\t<meta name=\"twitter:data1\" content=\"admin\" \/>\n\t<meta name=\"twitter:label2\" content=\"Becs\u00fclt olvas\u00e1si id\u0151\" \/>\n\t<meta name=\"twitter:data2\" content=\"3 perc\" \/>\n<script type=\"application\/ld+json\" class=\"yoast-schema-graph\">{\"@context\":\"https:\/\/schema.org\",\"@graph\":[{\"@type\":\"Article\",\"@id\":\"https:\/\/www.cityhungary.eu\/holnapvarosaertdij\/hogyan-mukodnek-egyutt-a-cegek-a-varosokkal\/#article\",\"isPartOf\":{\"@id\":\"https:\/\/www.cityhungary.eu\/holnapvarosaertdij\/hogyan-mukodnek-egyutt-a-cegek-a-varosokkal\/\"},\"author\":{\"name\":\"admin\",\"@id\":\"https:\/\/www.cityhungary.eu\/holnapvarosaertdij\/#\/schema\/person\/f941ae49574cfce245e54052df4c568a\"},\"headline\":\"Hogyan m\u0171k\u00f6dnek egy\u00fctt a c\u00e9gek a v\u00e1rosokkal?\",\"datePublished\":\"2018-07-19T11:29:31+00:00\",\"mainEntityOfPage\":{\"@id\":\"https:\/\/www.cityhungary.eu\/holnapvarosaertdij\/hogyan-mukodnek-egyutt-a-cegek-a-varosokkal\/\"},\"wordCount\":620,\"publisher\":{\"@id\":\"https:\/\/www.cityhungary.eu\/holnapvarosaertdij\/#organization\"},\"image\":{\"@id\":\"https:\/\/www.cityhungary.eu\/holnapvarosaertdij\/hogyan-mukodnek-egyutt-a-cegek-a-varosokkal\/#primaryimage\"},\"thumbnailUrl\":\"\",\"keywords\":[\"c\u00e9g\",\"fenntarthat\u00f3 v\u00e1ros\",\"Holnap v\u00e1ros\u00e1\u00e9rt D\u00edj\",\"nemzeti fenntarthat\u00f3 v\u00e1rosd\u00edj\",\"v\u00e1llalkoz\u00e1s\"],\"articleSection\":[\"H\u00edrek\"],\"inLanguage\":\"hu\"},{\"@type\":\"WebPage\",\"@id\":\"https:\/\/www.cityhungary.eu\/holnapvarosaertdij\/hogyan-mukodnek-egyutt-a-cegek-a-varosokkal\/\",\"url\":\"https:\/\/www.cityhungary.eu\/holnapvarosaertdij\/hogyan-mukodnek-egyutt-a-cegek-a-varosokkal\/\",\"name\":\"Hogyan m\u0171k\u00f6dnek egy\u00fctt a c\u00e9gek a v\u00e1rosokkal? &#8226; Holnap V\u00e1ros\u00e1\u00e9rt D\u00edj\",\"isPartOf\":{\"@id\":\"https:\/\/www.cityhungary.eu\/holnapvarosaertdij\/#website\"},\"primaryImageOfPage\":{\"@id\":\"https:\/\/www.cityhungary.eu\/holnapvarosaertdij\/hogyan-mukodnek-egyutt-a-cegek-a-varosokkal\/#primaryimage\"},\"image\":{\"@id\":\"https:\/\/www.cityhungary.eu\/holnapvarosaertdij\/hogyan-mukodnek-egyutt-a-cegek-a-varosokkal\/#primaryimage\"},\"thumbnailUrl\":\"\",\"datePublished\":\"2018-07-19T11:29:31+00:00\",\"breadcrumb\":{\"@id\":\"https:\/\/www.cityhungary.eu\/holnapvarosaertdij\/hogyan-mukodnek-egyutt-a-cegek-a-varosokkal\/#breadcrumb\"},\"inLanguage\":\"hu\",\"potentialAction\":[{\"@type\":\"ReadAction\",\"target\":[\"https:\/\/www.cityhungary.eu\/holnapvarosaertdij\/hogyan-mukodnek-egyutt-a-cegek-a-varosokkal\/\"]}]},{\"@type\":\"ImageObject\",\"inLanguage\":\"hu\",\"@id\":\"https:\/\/www.cityhungary.eu\/holnapvarosaertdij\/hogyan-mukodnek-egyutt-a-cegek-a-varosokkal\/#primaryimage\",\"url\":\"\",\"contentUrl\":\"\"},{\"@type\":\"BreadcrumbList\",\"@id\":\"https:\/\/www.cityhungary.eu\/holnapvarosaertdij\/hogyan-mukodnek-egyutt-a-cegek-a-varosokkal\/#breadcrumb\",\"itemListElement\":[{\"@type\":\"ListItem\",\"position\":1,\"name\":\"Kezd\u0151lap\",\"item\":\"https:\/\/www.cityhungary.eu\/holnapvarosaertdij\/\"},{\"@type\":\"ListItem\",\"position\":2,\"name\":\"Hogyan m\u0171k\u00f6dnek egy\u00fctt a c\u00e9gek a v\u00e1rosokkal?\"}]},{\"@type\":\"WebSite\",\"@id\":\"https:\/\/www.cityhungary.eu\/holnapvarosaertdij\/#website\",\"url\":\"https:\/\/www.cityhungary.eu\/holnapvarosaertdij\/\",\"name\":\"Holnap V\u00e1ros\u00e1\u00e9rt D\u00edj\",\"description\":\"A fenntarthat\u00f3 \u00e9s \u00e9lhet\u0151 v\u00e1rosok\u00e9rt\",\"publisher\":{\"@id\":\"https:\/\/www.cityhungary.eu\/holnapvarosaertdij\/#organization\"},\"potentialAction\":[{\"@type\":\"SearchAction\",\"target\":{\"@type\":\"EntryPoint\",\"urlTemplate\":\"https:\/\/www.cityhungary.eu\/holnapvarosaertdij\/?s={search_term_string}\"},\"query-input\":{\"@type\":\"PropertyValueSpecification\",\"valueRequired\":true,\"valueName\":\"search_term_string\"}}],\"inLanguage\":\"hu\"},{\"@type\":\"Organization\",\"@id\":\"https:\/\/www.cityhungary.eu\/holnapvarosaertdij\/#organization\",\"name\":\"Holnap V\u00e1ros\u00e1\u00e9rt D\u00edj\",\"alternateName\":\"Holnap V\u00e1ros\u00e1\u00e9rt D\u00edj\",\"url\":\"https:\/\/www.cityhungary.eu\/holnapvarosaertdij\/\",\"logo\":{\"@type\":\"ImageObject\",\"inLanguage\":\"hu\",\"@id\":\"https:\/\/www.cityhungary.eu\/holnapvarosaertdij\/#\/schema\/logo\/image\/\",\"url\":\"https:\/\/www.cityhungary.eu\/holnapvarosaertdij\/wp-content\/uploads\/2024\/05\/holnap_varosaert_dij_logo.png\",\"contentUrl\":\"https:\/\/www.cityhungary.eu\/holnapvarosaertdij\/wp-content\/uploads\/2024\/05\/holnap_varosaert_dij_logo.png\",\"width\":2000,\"height\":772,\"caption\":\"Holnap V\u00e1ros\u00e1\u00e9rt D\u00edj\"},\"image\":{\"@id\":\"https:\/\/www.cityhungary.eu\/holnapvarosaertdij\/#\/schema\/logo\/image\/\"}},{\"@type\":\"Person\",\"@id\":\"https:\/\/www.cityhungary.eu\/holnapvarosaertdij\/#\/schema\/person\/f941ae49574cfce245e54052df4c568a\",\"name\":\"admin\",\"image\":{\"@type\":\"ImageObject\",\"inLanguage\":\"hu\",\"@id\":\"https:\/\/www.cityhungary.eu\/holnapvarosaertdij\/#\/schema\/person\/image\/\",\"url\":\"https:\/\/secure.gravatar.com\/avatar\/695cd20ee5957c6777facc32078fa85cb7cdffedb5d2de1468632b484040f677?s=96&d=mm&r=g\",\"contentUrl\":\"https:\/\/secure.gravatar.com\/avatar\/695cd20ee5957c6777facc32078fa85cb7cdffedb5d2de1468632b484040f677?s=96&d=mm&r=g\",\"caption\":\"admin\"},\"sameAs\":[\"https:\/\/www.cityhungary.eu\/holnapvarosaertdij\"],\"url\":\"https:\/\/www.cityhungary.eu\/holnapvarosaertdij\/author\/dellartstudio\/\"}]}<\/script>\n<!-- \/ Yoast SEO Premium plugin. -->","yoast_head_json":{"title":"Hogyan m\u0171k\u00f6dnek egy\u00fctt a c\u00e9gek a v\u00e1rosokkal? &#8226; Holnap V\u00e1ros\u00e1\u00e9rt D\u00edj","robots":{"index":"index","follow":"follow","max-snippet":"max-snippet:-1","max-image-preview":"max-image-preview:large","max-video-preview":"max-video-preview:-1"},"canonical":"https:\/\/www.cityhungary.eu\/holnapvarosaertdij\/hogyan-mukodnek-egyutt-a-cegek-a-varosokkal\/","og_locale":"hu_HU","og_type":"article","og_title":"Hogyan m\u0171k\u00f6dnek egy\u00fctt a c\u00e9gek a v\u00e1rosokkal?","og_description":"Iszony, viszony, k\u00f6z\u00f6mb\u00f6ss\u00e9g? Hogyan m\u0171k\u00f6dnek egy\u00fctt a c\u00e9gek a v\u00e1rosokkal? \u00c9letk\u00e9pes gazdas\u00e1g, befektet\u0151bar\u00e1t v\u00e1rospolitika? A fenntarthat\u00f3 v\u00e1rospolitika? Csak az ipar\u0171z\u00e9si ad\u00f3, mint k\u00f6ld\u00f6kzsin\u00f3r v\u00e1llalkoz\u00e1s \u00e9s v\u00e1ros k\u00f6z\u00f6tt? Mit tesz a v\u00e1llalkoz\u00e1s a v\u00e1ros\u00e9rt? M\u00e9g p\u00e1ly\u00e1zhat a Holnap v\u00e1ros\u00e1\u00e9rt D\u00edjra! 2018.08.31-ig v\u00e1rjuk a p\u00e1ly\u00e1zatokat!","og_url":"https:\/\/www.cityhungary.eu\/holnapvarosaertdij\/hogyan-mukodnek-egyutt-a-cegek-a-varosokkal\/","og_site_name":"Holnap V\u00e1ros\u00e1\u00e9rt D\u00edj","article_published_time":"2018-07-19T11:29:31+00:00","author":"admin","twitter_card":"summary_large_image","twitter_misc":{"Szerz\u0151:":"admin","Becs\u00fclt olvas\u00e1si id\u0151":"3 perc"},"schema":{"@context":"https:\/\/schema.org","@graph":[{"@type":"Article","@id":"https:\/\/www.cityhungary.eu\/holnapvarosaertdij\/hogyan-mukodnek-egyutt-a-cegek-a-varosokkal\/#article","isPartOf":{"@id":"https:\/\/www.cityhungary.eu\/holnapvarosaertdij\/hogyan-mukodnek-egyutt-a-cegek-a-varosokkal\/"},"author":{"name":"admin","@id":"https:\/\/www.cityhungary.eu\/holnapvarosaertdij\/#\/schema\/person\/f941ae49574cfce245e54052df4c568a"},"headline":"Hogyan m\u0171k\u00f6dnek egy\u00fctt a c\u00e9gek a v\u00e1rosokkal?","datePublished":"2018-07-19T11:29:31+00:00","mainEntityOfPage":{"@id":"https:\/\/www.cityhungary.eu\/holnapvarosaertdij\/hogyan-mukodnek-egyutt-a-cegek-a-varosokkal\/"},"wordCount":620,"publisher":{"@id":"https:\/\/www.cityhungary.eu\/holnapvarosaertdij\/#organization"},"image":{"@id":"https:\/\/www.cityhungary.eu\/holnapvarosaertdij\/hogyan-mukodnek-egyutt-a-cegek-a-varosokkal\/#primaryimage"},"thumbnailUrl":"","keywords":["c\u00e9g","fenntarthat\u00f3 v\u00e1ros","Holnap v\u00e1ros\u00e1\u00e9rt D\u00edj","nemzeti fenntarthat\u00f3 v\u00e1rosd\u00edj","v\u00e1llalkoz\u00e1s"],"articleSection":["H\u00edrek"],"inLanguage":"hu"},{"@type":"WebPage","@id":"https:\/\/www.cityhungary.eu\/holnapvarosaertdij\/hogyan-mukodnek-egyutt-a-cegek-a-varosokkal\/","url":"https:\/\/www.cityhungary.eu\/holnapvarosaertdij\/hogyan-mukodnek-egyutt-a-cegek-a-varosokkal\/","name":"Hogyan m\u0171k\u00f6dnek egy\u00fctt a c\u00e9gek a v\u00e1rosokkal? &#8226; Holnap V\u00e1ros\u00e1\u00e9rt D\u00edj","isPartOf":{"@id":"https:\/\/www.cityhungary.eu\/holnapvarosaertdij\/#website"},"primaryImageOfPage":{"@id":"https:\/\/www.cityhungary.eu\/holnapvarosaertdij\/hogyan-mukodnek-egyutt-a-cegek-a-varosokkal\/#primaryimage"},"image":{"@id":"https:\/\/www.cityhungary.eu\/holnapvarosaertdij\/hogyan-mukodnek-egyutt-a-cegek-a-varosokkal\/#primaryimage"},"thumbnailUrl":"","datePublished":"2018-07-19T11:29:31+00:00","breadcrumb":{"@id":"https:\/\/www.cityhungary.eu\/holnapvarosaertdij\/hogyan-mukodnek-egyutt-a-cegek-a-varosokkal\/#breadcrumb"},"inLanguage":"hu","potentialAction":[{"@type":"ReadAction","target":["https:\/\/www.cityhungary.eu\/holnapvarosaertdij\/hogyan-mukodnek-egyutt-a-cegek-a-varosokkal\/"]}]},{"@type":"ImageObject","inLanguage":"hu","@id":"https:\/\/www.cityhungary.eu\/holnapvarosaertdij\/hogyan-mukodnek-egyutt-a-cegek-a-varosokkal\/#primaryimage","url":"","contentUrl":""},{"@type":"BreadcrumbList","@id":"https:\/\/www.cityhungary.eu\/holnapvarosaertdij\/hogyan-mukodnek-egyutt-a-cegek-a-varosokkal\/#breadcrumb","itemListElement":[{"@type":"ListItem","position":1,"name":"Kezd\u0151lap","item":"https:\/\/www.cityhungary.eu\/holnapvarosaertdij\/"},{"@type":"ListItem","position":2,"name":"Hogyan m\u0171k\u00f6dnek egy\u00fctt a c\u00e9gek a v\u00e1rosokkal?"}]},{"@type":"WebSite","@id":"https:\/\/www.cityhungary.eu\/holnapvarosaertdij\/#website","url":"https:\/\/www.cityhungary.eu\/holnapvarosaertdij\/","name":"Holnap V\u00e1ros\u00e1\u00e9rt D\u00edj","description":"A fenntarthat\u00f3 \u00e9s \u00e9lhet\u0151 v\u00e1rosok\u00e9rt","publisher":{"@id":"https:\/\/www.cityhungary.eu\/holnapvarosaertdij\/#organization"},"potentialAction":[{"@type":"SearchAction","target":{"@type":"EntryPoint","urlTemplate":"https:\/\/www.cityhungary.eu\/holnapvarosaertdij\/?s={search_term_string}"},"query-input":{"@type":"PropertyValueSpecification","valueRequired":true,"valueName":"search_term_string"}}],"inLanguage":"hu"},{"@type":"Organization","@id":"https:\/\/www.cityhungary.eu\/holnapvarosaertdij\/#organization","name":"Holnap V\u00e1ros\u00e1\u00e9rt D\u00edj","alternateName":"Holnap V\u00e1ros\u00e1\u00e9rt D\u00edj","url":"https:\/\/www.cityhungary.eu\/holnapvarosaertdij\/","logo":{"@type":"ImageObject","inLanguage":"hu","@id":"https:\/\/www.cityhungary.eu\/holnapvarosaertdij\/#\/schema\/logo\/image\/","url":"https:\/\/www.cityhungary.eu\/holnapvarosaertdij\/wp-content\/uploads\/2024\/05\/holnap_varosaert_dij_logo.png","contentUrl":"https:\/\/www.cityhungary.eu\/holnapvarosaertdij\/wp-content\/uploads\/2024\/05\/holnap_varosaert_dij_logo.png","width":2000,"height":772,"caption":"Holnap V\u00e1ros\u00e1\u00e9rt D\u00edj"},"image":{"@id":"https:\/\/www.cityhungary.eu\/holnapvarosaertdij\/#\/schema\/logo\/image\/"}},{"@type":"Person","@id":"https:\/\/www.cityhungary.eu\/holnapvarosaertdij\/#\/schema\/person\/f941ae49574cfce245e54052df4c568a","name":"admin","image":{"@type":"ImageObject","inLanguage":"hu","@id":"https:\/\/www.cityhungary.eu\/holnapvarosaertdij\/#\/schema\/person\/image\/","url":"https:\/\/secure.gravatar.com\/avatar\/695cd20ee5957c6777facc32078fa85cb7cdffedb5d2de1468632b484040f677?s=96&d=mm&r=g","contentUrl":"https:\/\/secure.gravatar.com\/avatar\/695cd20ee5957c6777facc32078fa85cb7cdffedb5d2de1468632b484040f677?s=96&d=mm&r=g","caption":"admin"},"sameAs":["https:\/\/www.cityhungary.eu\/holnapvarosaertdij"],"url":"https:\/\/www.cityhungary.eu\/holnapvarosaertdij\/author\/dellartstudio\/"}]}},"_links":{"self":[{"href":"https:\/\/www.cityhungary.eu\/holnapvarosaertdij\/wp-json\/wp\/v2\/posts\/1310","targetHints":{"allow":["GET"]}}],"collection":[{"href":"https:\/\/www.cityhungary.eu\/holnapvarosaertdij\/wp-json\/wp\/v2\/posts"}],"about":[{"href":"https:\/\/www.cityhungary.eu\/holnapvarosaertdij\/wp-json\/wp\/v2\/types\/post"}],"author":[{"embeddable":true,"href":"https:\/\/www.cityhungary.eu\/holnapvarosaertdij\/wp-json\/wp\/v2\/users\/3"}],"replies":[{"embeddable":true,"href":"https:\/\/www.cityhungary.eu\/holnapvarosaertdij\/wp-json\/wp\/v2\/comments?post=1310"}],"version-history":[{"count":0,"href":"https:\/\/www.cityhungary.eu\/holnapvarosaertdij\/wp-json\/wp\/v2\/posts\/1310\/revisions"}],"wp:featuredmedia":[{"embeddable":true,"href":"https:\/\/www.cityhungary.eu\/holnapvarosaertdij\/wp-json\/"}],"wp:attachment":[{"href":"https:\/\/www.cityhungary.eu\/holnapvarosaertdij\/wp-json\/wp\/v2\/media?parent=1310"}],"wp:term":[{"taxonomy":"category","embeddable":true,"href":"https:\/\/www.cityhungary.eu\/holnapvarosaertdij\/wp-json\/wp\/v2\/categories?post=1310"},{"taxonomy":"post_tag","embeddable":true,"href":"https:\/\/www.cityhungary.eu\/holnapvarosaertdij\/wp-json\/wp\/v2\/tags?post=1310"}],"curies":[{"name":"wp","href":"https:\/\/api.w.org\/{rel}","templated":true}]}}