{"id":1333,"date":"2018-11-26T20:07:27","date_gmt":"2018-11-26T20:07:27","guid":{"rendered":"https:\/\/www.cityhungary.eu\/holnapvarosaertdij\/?p=1333"},"modified":"2018-11-26T20:07:27","modified_gmt":"2018-11-26T20:07:27","slug":"ujra-lehetett-palyazni-a-holnap-varosaert-dijra","status":"publish","type":"post","link":"https:\/\/www.cityhungary.eu\/holnapvarosaertdij\/ujra-lehetett-palyazni-a-holnap-varosaert-dijra\/","title":{"rendered":"\u00dajra lehetett p\u00e1ly\u00e1zni a Holnap v\u00e1ros\u00e1\u00e9rt D\u00edjra"},"content":{"rendered":"<p><strong>A 2010-ben alap\u00edtott City Hungary a fenntarthat\u00f3 \u00e9s \u00e9lhet\u0151 magyar v\u00e1rosok vezet\u0151 f\u00f3ruma.\u00a0 Minden, ami v\u00e1ros!\u00a0<\/strong><br \/>\n<strong>A Program c\u00e9lja, hogy olyan sikeres hazai \u00e9s nemzetk\u00f6zi modelleket mutasson be,\u00a0melyek\u00a0min\u00e9l magasabb \u00e9letmin\u0151s\u00e9get biztos\u00edtanak az itt \u00e9l\u0151knek.\u00a0<\/strong><br \/>\n<strong>E Program r\u00e9sze a 2013-ban alap\u00edtott nemzeti fenntarthat\u00f3 v\u00e1rosd\u00edj, a Holnap v\u00e1ros\u00e1\u00e9rt D\u00edj.\u00a0<\/strong><br \/>\n<strong>2018. november 22-\u00e9n, Budapesten, a F\u0151v\u00e1rosi \u00d6nkorm\u00e1nyzat \u00dajv\u00e1rosh\u00e1za D\u00edszterm\u00e9ben ker\u00fclt sor.<\/strong><\/p>\n<p><!--more--><\/p>\n<p>\u201eAz alulr\u00f3l \u00e9p\u00edtkez\u0151 \u2013 ak\u00e1r orsz\u00e1gonk\u00e9nti, nemzetenk\u00e9nti \u2013 gyakorlati mint\u00e1k hozhatj\u00e1k meg a kell\u0151 eredm\u00e9nyt. S \u00edgy val\u00f3sulhat meg a fenntarthat\u00f3 v\u00e1ros v\u00edzi\u00f3ja a magasabb \u00e9letmin\u0151s\u00e9g<br \/>\nszinonim\u00e1jak\u00e9nt. Mint az eg\u00e9szs\u00e9ges, z\u00f6ld k\u00f6rnyezet, az okos, modern technol\u00f3gia haszn\u00e1lata, fenntarthat\u00f3 k\u00f6zleked\u00e9s, min\u0151s\u00e9gi munkahelyek, kikapcsol\u00f3d\u00e1si \u00e9s pihen\u0151helyek, parkok, sz\u00ednvonalas oktat\u00e1s \u00e9s a pezsg\u0151 kult\u00fara\u2026\u201d<br \/>\n\u2013 emelte ki\u00a0<strong>Tak\u00e1cs J\u00falia, a City Hungary \u00fcgyvezet\u0151 igazgat\u00f3ja.<br \/>\n<\/strong><\/p>\n<figure id=\"attachment_1340\" aria-describedby=\"caption-attachment-1340\" style=\"width: 1065px\" class=\"wp-caption aligncenter\"><a href=\"https:\/\/www.cityhungary.eu\/holnapvarosaertdij\/ujra-lehetett-palyazni-a-holnap-varosaert-dijra\/_csr0822_1600px\/\" rel=\"attachment wp-att-1340\"><img fetchpriority=\"high\" decoding=\"async\" class=\"size-full wp-image-1340\" src=\"https:\/\/www.cityhungary.eu\/holnapvarosaertdij\/wp-content\/uploads\/2018\/11\/CSR0822_1600px.jpg\" alt=\"Tak\u00e1cs J\u00falia, a City Hungary \u00fcgyvezet\u0151 igazgat\u00f3ja\" width=\"1065\" height=\"1600\" \/><\/a><figcaption id=\"caption-attachment-1340\" class=\"wp-caption-text\">Tak\u00e1cs J\u00falia, a City Hungary \u00fcgyvezet\u0151 igazgat\u00f3ja<\/figcaption><\/figure>\n<p>A\u00a0Holnap v\u00e1ros\u00e1\u00e9rt D\u00edj\u00a0\u00f6szt\u00f6nz\u0151 a jobbra, a modernebbre, a fenntarthat\u00f3bbra, az \u00e9lhet\u0151bbre,\u00a0a magasabb \u00e9letsz\u00ednvonalra t\u00f6rekv\u0151\u00a0magyar v\u00e1rosi \u00f6nkorm\u00e1nyzatok, egyes kateg\u00f3ri\u00e1kban a v\u00e1llalkoz\u00e1sok sz\u00e1m\u00e1ra.<\/p>\n<p>Az ut\u00f3bbi 6 \u00e9v alatt olyan helyi k\u00f6z\u00f6ss\u00e9gek, helyi emberek pozit\u00edv p\u00e9ld\u00e1inak sor\u00e1t l\u00e1ttuk a nyertes p\u00e1ly\u00e1zatok k\u00f6z\u00f6tt, melyek (akik) joggal ker\u00fcltek a Holnap v\u00e1ros\u00e1\u00e9rt d\u00edjazottak list\u00e1j\u00e1ra.<br \/>\n\u00c9rt\u00e9kek \u00e9s emberek\u2026Emberek \u00e9s \u00e9letek\u2026 \u00c9letek \u00e9s v\u00e1rosok\u2026V\u00e1rosok \u00e9s otthonok\u2026 Ahol j\u00f3 \u00e9lni, ahol j\u00f3 dolgozni.\u201d<\/p>\n<p><span style=\"color: #008080;\"><strong>A B\u00edr\u00e1l\u00f3 Bizotts\u00e1g eln\u00f6ke:<\/strong><\/span><br \/>\ndr. R\u00e9thelyi Mikl\u00f3s,\u00a0az UNESCO Magyar Nemzeti Bizotts\u00e1g\u00e1nak az eln\u00f6ke<\/p>\n<p><span style=\"color: #008080;\"><strong>A B\u00edr\u00e1l\u00f3 Bizotts\u00e1g tagjai:<\/strong><\/span><\/p>\n<ul>\n<li>dr. R\u00e9thelyi Mikl\u00f3s,<br \/>\naz UNESCO Magyar Nemzeti Bizotts\u00e1g\u00e1nak az eln\u00f6ke,<br \/>\na Holnap V\u00e1ros\u00e1\u00e9rt D\u00edj bizotts\u00e1g\u00e1nak az eln\u00f6ke<\/li>\n<li>Tak\u00e1cs J\u00falia, a City Hungary \u00fcgyvezet\u0151 igazgat\u00f3ja, a Holnap V\u00e1ros\u00e1\u00e9rt D\u00edj alap\u00edt\u00f3ja<\/li>\n<li>dr. Do\u00f3r Zolt\u00e1n, a Magyar Logisztikai Egyes\u00fclet eln\u00f6ke<\/li>\n<li>Lip\u0151k S\u00e1ndor, a Kisv\u00e1rosi \u00d6nkorm\u00e1nyzatok Orsz\u00e1gos \u00c9rdeksz\u00f6vets\u00e9g\u00e9nek az eln\u00f6ke<\/li>\n<li>Dr. P\u00e1lv\u00f6lgyi Tam\u00e1s,\u00a0tansz\u00e9kvezet\u0151, egyetemi docens, BME K\u00f6rnyezetgazdas\u00e1gtan Tansz\u00e9k<\/li>\n<li>Schmidt Jen\u0151, a Telep\u00fcl\u00e9si \u00d6nkorm\u00e1nyzatok Orsz\u00e1gos Sz\u00f6vets\u00e9g\u00e9nek az eln\u00f6ke<\/li>\n<li>dr. Sz\u0171cs Ervin, a Weber Shandwick \u00fcgyvezet\u0151 \u00fcgyvezet\u0151 igazgat\u00f3ja<\/li>\n<\/ul>\n<p><strong>A D\u00edj rangj\u00e1t \u00e9s preszt\u00edzs\u00e9t jelzi az egy\u00fcttm\u0171k\u00f6d\u0151 szervezetek list\u00e1ja.<\/strong><br \/>\n<strong>A kezdetekt\u0151l a Holnap v\u00e1ros\u00e1\u00e9rt D\u00edj mell\u00e9 \u00e1llt t\u00f6bbek k\u00f6z\u00f6tt:<\/strong><\/p>\n<ul>\n<li>az\u00a0UNESCO Magyar Nemzeti Bizotts\u00e1ga<\/li>\n<li>a Kisv\u00e1rosi \u00d6nkorm\u00e1nyzatok Orsz\u00e1gos \u00c9rdeksz\u00f6vets\u00e9ge<\/li>\n<li>a Magyar \u00d6nkorm\u00e1nyzatok Sz\u00f6vets\u00e9ge<\/li>\n<li>Pest Megye \u00d6nkorm\u00e1nyzata<\/li>\n<li>a Telep\u00fcl\u00e9si \u00d6nkorm\u00e1nyzatok Orsz\u00e1gos Sz\u00f6vets\u00e9ge<\/li>\n<li>a N\u00e9met-Magyar Ipari- \u00e9s Kereskedelmi Kamara<strong><span style=\"color: #008080;\">\u00c9s akik 2018-ban elnyert\u00e9k a Holnap V\u00e1ros\u00e1\u00e9rt D\u00edj v\u00e9djegyhaszn\u00e1lat\u00e1t:<\/span><\/strong><\/li>\n<\/ul>\n<p>1.)<br \/>\n<strong>Mozg\u00e1sban a v\u00e1ros kateg\u00f3ria\/Szeksz\u00e1rd Megyei Jog\u00fa V\u00e1ros \u00d6nkorm\u00e1nyzata<\/strong><\/p>\n<p>Ez a kateg\u00f3ria olyan programokat \u00e9rt\u00e9kel, melyek az embereket \u00e9s k\u00f6z\u00f6ss\u00e9geket arra \u00f6szt\u00f6nzik,<br \/>\nhogy a fenntarthat\u00f3 utaz\u00e1si form\u00e1t (ker\u00e9kp\u00e1ros forgalom n\u00f6vel\u00e9s, gyalogosk\u00f6zleked\u00e9s<br \/>\nkultur\u00e1lt keretinek biztos\u00edt\u00e1sa, \u00faj technol\u00f3giai eszk\u00f6z\u00f6k) haszn\u00e1lj\u00e1k, vagy a k\u00f6zleked\u00e9s \u00e9s logisztika<br \/>\nter\u00fclet\u00e9n a forgalom cs\u00f6kkent\u00e9s\u00e9t szolg\u00e1lj\u00e1k.<br \/>\nC\u00e9l: cs\u00f6kkenteni a k\u00e1ros hat\u00e1st a k\u00f6rnyezetre (CO2 kibocs\u00e1t\u00e1s, por, zaj\u00e1rtalom stb.)<br \/>\n\u00e9s az ember eg\u00e9szs\u00e9g\u00e9re.<\/p>\n<figure id=\"attachment_1338\" aria-describedby=\"caption-attachment-1338\" style=\"width: 474px\" class=\"wp-caption aligncenter\"><a href=\"https:\/\/www.cityhungary.eu\/holnapvarosaertdij\/ujra-lehetett-palyazni-a-holnap-varosaert-dijra\/_csr0915_1600px\/\" rel=\"attachment wp-att-1338\"><img decoding=\"async\" class=\"wp-image-1338 size-large\" src=\"https:\/\/www.cityhungary.eu\/holnapvarosaertdij\/wp-content\/uploads\/2018\/11\/CSR0915_1600px-667x1024.jpg\" alt=\"dr. Ha\u00e1g \u00c9va alpolg\u00e1rmester (Szeksz\u00e1rd v\u00e1ros \u00d6nkorm\u00e1nyzata) \u00e9s dr. Do\u00f3r Zolt\u00e1n, a Magyar Logisztikai Egyes\u00fclet eln\u00f6ke\" width=\"474\" height=\"728\" \/><\/a><figcaption id=\"caption-attachment-1338\" class=\"wp-caption-text\">dr. Ha\u00e1g \u00c9va alpolg\u00e1rmester (Szeksz\u00e1rd v\u00e1ros \u00d6nkorm\u00e1nyzata) \u00e9s dr. Do\u00f3r Zolt\u00e1n, a Magyar Logisztikai Egyes\u00fclet eln\u00f6ke<\/figcaption><\/figure>\n<p>2.)<br \/>\n<strong>Fenntarthat\u00f3 v\u00e1ros\u00e9rt kateg\u00f3ria\/Budapest F\u0151v\u00e1ros XIII. ker\u00fcleti \u00d6nkorm\u00e1nyzat<\/strong><br \/>\n<strong>A \u201eSzabolcs-Teve\u201d program (va\u0301rosfejleszte\u0301s szana\u0301la\u0301s eszko\u0308ze\u0301vel)<\/strong><\/p>\n<p>Ebben a kateg\u00f3ri\u00e1ban a v\u00e1rosi vezet\u00e9s integr\u00e1lja a k\u00fcl\u00f6nb\u00f6z\u0151 t\u00edpus\u00fa er\u0151forr\u00e1sokat a jobb,<br \/>\nmagasabb \u00e9letmin\u0151s\u00e9g\u0171 v\u00e1ros j\u00f6v\u0151j\u00e9\u00e9rt.<\/p>\n<figure id=\"attachment_1337\" aria-describedby=\"caption-attachment-1337\" style=\"width: 474px\" class=\"wp-caption aligncenter\"><a href=\"https:\/\/www.cityhungary.eu\/holnapvarosaertdij\/ujra-lehetett-palyazni-a-holnap-varosaert-dijra\/_csr0919_1600px\/\" rel=\"attachment wp-att-1337\"><img decoding=\"async\" class=\"wp-image-1337 size-large\" src=\"https:\/\/www.cityhungary.eu\/holnapvarosaertdij\/wp-content\/uploads\/2018\/11\/CSR0919_1600px-685x1024.jpg\" alt=\"Tak\u00e1cs Ferenc Bizotts\u00e1gi eln\u00f6k (Budapest, XIII. ker\u00fclet) \u00e9s Schmidt Jen\u0151, a T\u00d6OSZ eln\u00f6ke,  Tab polg\u00e1rmestere\" width=\"474\" height=\"709\" \/><\/a><figcaption id=\"caption-attachment-1337\" class=\"wp-caption-text\">Tak\u00e1cs Ferenc Bizotts\u00e1gi eln\u00f6k (Budapest, XIII. ker\u00fclet) \u00e9s Schmidt Jen\u0151, a T\u00d6OSZ eln\u00f6ke, Tab polg\u00e1rmestere<\/figcaption><\/figure>\n<p><strong>3.) \u00dczlet a v\u00e1ros\u00e9rt kateg\u00f3ria\/Budapest Bank Zrt. (B\u00e9k\u00e9scsab\u00e1\u00e9rt Program)<\/strong><\/p>\n<p>Kiemelked\u0151 hozz\u00e1j\u00e1rul\u00e1s t\u00f6rt\u00e9nik a v\u00e1llalat r\u00e9sz\u00e9r\u0151l (kis, k\u00f6z\u00e9p \u00e9s nagyv\u00e1llalkoz\u00e1s is lehet!)<br \/>\nv\u00e1ros \u00fczleti, ipari n\u00f6veked\u00e9s\u00e9hez \u00e9s a v\u00e1ros k\u00f6z\u00f6ss\u00e9g\u00e9nek a t\u00e1mogat\u00e1sa.<br \/>\nOlyan projekttel, kezdem\u00e9nyez\u00e9ssel lehetett p\u00e1ly\u00e1zni, mely hozz\u00e1j\u00e1rul a k\u00f6z\u00f6ss\u00e9gi \u00e9rt\u00e9kek<br \/>\n(kult\u00fara, oktat\u00e1s, \u00e9p\u00edt\u00e9szet stb.) meg\u0151rz\u00e9s\u00e9hez. Ez \u00e9p\u00edti az illet\u0151 c\u00e9g ir\u00e1nt a helyi k\u00f6z\u00f6ss\u00e9g<br \/>\nbizalm\u00e1t, t\u00e1mogatja h\u00edrnev\u00e9t \u00e9s m\u00e1rka ismerts\u00e9g\u00e9t.<\/p>\n<figure id=\"attachment_1336\" aria-describedby=\"caption-attachment-1336\" style=\"width: 474px\" class=\"wp-caption aligncenter\"><a href=\"https:\/\/www.cityhungary.eu\/holnapvarosaertdij\/ujra-lehetett-palyazni-a-holnap-varosaert-dijra\/_csr0924_1600px\/\" rel=\"attachment wp-att-1336\"><img loading=\"lazy\" decoding=\"async\" class=\"wp-image-1336 size-large\" src=\"https:\/\/www.cityhungary.eu\/holnapvarosaertdij\/wp-content\/uploads\/2018\/11\/CSR0924_1600px-652x1024.jpg\" alt=\"Cs. T\u00f3th Marianna, kommunik\u00e1ci\u00f3s vezet\u0151 (Budapest Bank) \u00e9s dr. Do\u00f3r Zolt\u00e1n, a Magyar Logisztikai Egyes\u00fclet eln\u00f6ke\" width=\"474\" height=\"744\" \/><\/a><figcaption id=\"caption-attachment-1336\" class=\"wp-caption-text\">Cs. T\u00f3th Marianna, kommunik\u00e1ci\u00f3s vezet\u0151 (Budapest Bank) \u00e9s dr. Do\u00f3r Zolt\u00e1n, a Magyar Logisztikai Egyes\u00fclet eln\u00f6ke<\/figcaption><\/figure>\n<p>4.)<br \/>\n<strong>Tiszta v\u00e1ros\u00e9rt kateg\u00f3ria (felel\u0151s \u00e9s fenntarthat\u00f3 hullad\u00e9kgazd\u00e1lkod\u00e1s\u00e9rt)\/<\/strong><br \/>\n<strong>Budapest F\u0151v\u00e1ros XIII. ker\u00fcleti \u00d6nkorm\u00e1nyzat<\/strong><\/p>\n<figure id=\"attachment_1339\" aria-describedby=\"caption-attachment-1339\" style=\"width: 474px\" class=\"wp-caption aligncenter\"><a href=\"https:\/\/www.cityhungary.eu\/holnapvarosaertdij\/ujra-lehetett-palyazni-a-holnap-varosaert-dijra\/_csr0912_1600px\/\" rel=\"attachment wp-att-1339\"><img loading=\"lazy\" decoding=\"async\" class=\"wp-image-1339 size-large\" src=\"https:\/\/www.cityhungary.eu\/holnapvarosaertdij\/wp-content\/uploads\/2018\/11\/CSR0912_1600px-666x1024.jpg\" alt=\"Tak\u00e1cs Ferenc, Bizotts\u00e1gi eln\u00f6k (budapest, XIII. ker\u00fclet) \u00e9s Schmidt Jen\u0151 , a T\u00d6OSZ eln\u00f6ke, tab polg\u00e1rmestere\" width=\"474\" height=\"729\" \/><\/a><figcaption id=\"caption-attachment-1339\" class=\"wp-caption-text\">Tak\u00e1cs Ferenc, Bizotts\u00e1gi eln\u00f6k (budapest, XIII. ker\u00fclet) \u00e9s Schmidt Jen\u0151 , a T\u00d6OSZ eln\u00f6ke, tab polg\u00e1rmestere<\/figcaption><\/figure>\n<p>Ez a kateg\u00f3ria ismeri el \u00e9s jutalmazza a legjobb gyakorlat tekintet\u00e9ben<br \/>\na felel\u0151s hullad\u00e9kgazd\u00e1lkod\u00e1st folytat\u00f3 szervezeteket. Akik elk\u00f6telezettek<br \/>\na folyamatos k\u00f6rnyezetfejleszt\u00e9s, a v\u00e1rosok k\u00f6rnyezet-bar\u00e1tabb\u00e1 t\u00e9tele<br \/>\n\u00e9s a fenntarthat\u00f3s\u00e1g ir\u00e1nt.<\/p>\n<p>A p\u00e1ly\u00e1z\u00f3knak bizony\u00edtaniuk kell az olyan innovat\u00edv hullad\u00e9kkezel\u00e9si m\u00f3dszerek,<br \/>\nkoncepci\u00f3k haszn\u00e1lat\u00e1t, melyek a z\u00e9r\u00f3 hullad\u00e9k koncepci\u00f3 fel\u00e9 val\u00f3 t\u00f6rekv\u00e9st veszik alapul.<br \/>\nPriorit\u00e1sk\u00e9nt tekintve, a k\u00f6rk\u00f6r\u00f6s gazdas\u00e1g rendszer\u00e9ben val\u00f3 gondolkod\u00e1sm\u00f3d jegy\u00e9ben<br \/>\na hullad\u00e9k \u00fajra-hasznos\u00edt\u00e1s\u00e1t, az \u00fajrahasznos\u00edthat\u00f3 anyagok haszn\u00e1lat\u00e1t.<\/p>\n<p>&nbsp;<\/p>\n<p>&nbsp;<\/p>\n","protected":false},"excerpt":{"rendered":"<p>A 2010-ben alap\u00edtott City Hungary a fenntarthat\u00f3 \u00e9s \u00e9lhet\u0151 magyar v\u00e1rosok vezet\u0151 f\u00f3ruma.\u00a0 Minden, ami v\u00e1ros!\u00a0 A Program c\u00e9lja, hogy olyan sikeres hazai \u00e9s nemzetk\u00f6zi modelleket mutasson be,\u00a0melyek\u00a0min\u00e9l magasabb \u00e9letmin\u0151s\u00e9get biztos\u00edtanak az itt \u00e9l\u0151knek.\u00a0 E Program r\u00e9sze a 2013-ban alap\u00edtott nemzeti fenntarthat\u00f3 v\u00e1rosd\u00edj, a Holnap v\u00e1ros\u00e1\u00e9rt D\u00edj.\u00a0 2018. november 22-\u00e9n, Budapesten, a F\u0151v\u00e1rosi \u00d6nkorm\u00e1nyzat \u00dajv\u00e1rosh\u00e1za [&hellip;]<\/p>\n","protected":false},"author":3,"featured_media":0,"comment_status":"closed","ping_status":"closed","sticky":false,"template":"","format":"standard","meta":{"footnotes":""},"categories":[3],"tags":[192,167,165,199,160],"class_list":["post-1333","post","type-post","status-publish","format-standard","hentry","category-hirek","tag-city-hungary","tag-elheto-varos","tag-fenntarthato-varos","tag-holnap-varosaert-dij-2018","tag-magyar-varos"],"yoast_head":"<!-- This site is optimized with the Yoast SEO Premium plugin v24.8 (Yoast SEO v24.9) - https:\/\/yoast.com\/wordpress\/plugins\/seo\/ -->\n<title>\u00dajra lehetett p\u00e1ly\u00e1zni a Holnap v\u00e1ros\u00e1\u00e9rt D\u00edjra &#8226; Holnap V\u00e1ros\u00e1\u00e9rt D\u00edj<\/title>\n<meta name=\"robots\" content=\"index, follow, max-snippet:-1, max-image-preview:large, max-video-preview:-1\" \/>\n<link rel=\"canonical\" href=\"https:\/\/www.cityhungary.eu\/holnapvarosaertdij\/ujra-lehetett-palyazni-a-holnap-varosaert-dijra\/\" \/>\n<meta property=\"og:locale\" content=\"hu_HU\" \/>\n<meta property=\"og:type\" content=\"article\" \/>\n<meta property=\"og:title\" content=\"\u00dajra lehetett p\u00e1ly\u00e1zni a Holnap v\u00e1ros\u00e1\u00e9rt D\u00edjra\" \/>\n<meta property=\"og:description\" content=\"A 2010-ben alap\u00edtott City Hungary a fenntarthat\u00f3 \u00e9s \u00e9lhet\u0151 magyar v\u00e1rosok vezet\u0151 f\u00f3ruma.\u00a0 Minden, ami v\u00e1ros!\u00a0 A Program c\u00e9lja, hogy olyan sikeres hazai \u00e9s nemzetk\u00f6zi modelleket mutasson be,\u00a0melyek\u00a0min\u00e9l magasabb \u00e9letmin\u0151s\u00e9get biztos\u00edtanak az itt \u00e9l\u0151knek.\u00a0 E Program r\u00e9sze a 2013-ban alap\u00edtott nemzeti fenntarthat\u00f3 v\u00e1rosd\u00edj, a Holnap v\u00e1ros\u00e1\u00e9rt D\u00edj.\u00a0 2018. november 22-\u00e9n, Budapesten, a F\u0151v\u00e1rosi \u00d6nkorm\u00e1nyzat \u00dajv\u00e1rosh\u00e1za [&hellip;]\" \/>\n<meta property=\"og:url\" content=\"https:\/\/www.cityhungary.eu\/holnapvarosaertdij\/ujra-lehetett-palyazni-a-holnap-varosaert-dijra\/\" \/>\n<meta property=\"og:site_name\" content=\"Holnap V\u00e1ros\u00e1\u00e9rt D\u00edj\" \/>\n<meta property=\"article:published_time\" content=\"2018-11-26T20:07:27+00:00\" \/>\n<meta name=\"author\" content=\"admin\" \/>\n<meta name=\"twitter:card\" content=\"summary_large_image\" \/>\n<meta name=\"twitter:label1\" content=\"Szerz\u0151:\" \/>\n\t<meta name=\"twitter:data1\" content=\"admin\" \/>\n\t<meta name=\"twitter:label2\" content=\"Becs\u00fclt olvas\u00e1si id\u0151\" \/>\n\t<meta name=\"twitter:data2\" content=\"6 perc\" \/>\n<script type=\"application\/ld+json\" class=\"yoast-schema-graph\">{\"@context\":\"https:\/\/schema.org\",\"@graph\":[{\"@type\":\"Article\",\"@id\":\"https:\/\/www.cityhungary.eu\/holnapvarosaertdij\/ujra-lehetett-palyazni-a-holnap-varosaert-dijra\/#article\",\"isPartOf\":{\"@id\":\"https:\/\/www.cityhungary.eu\/holnapvarosaertdij\/ujra-lehetett-palyazni-a-holnap-varosaert-dijra\/\"},\"author\":{\"name\":\"admin\",\"@id\":\"https:\/\/www.cityhungary.eu\/holnapvarosaertdij\/#\/schema\/person\/f941ae49574cfce245e54052df4c568a\"},\"headline\":\"\u00dajra lehetett p\u00e1ly\u00e1zni a Holnap v\u00e1ros\u00e1\u00e9rt D\u00edjra\",\"datePublished\":\"2018-11-26T20:07:27+00:00\",\"mainEntityOfPage\":{\"@id\":\"https:\/\/www.cityhungary.eu\/holnapvarosaertdij\/ujra-lehetett-palyazni-a-holnap-varosaert-dijra\/\"},\"wordCount\":1118,\"publisher\":{\"@id\":\"https:\/\/www.cityhungary.eu\/holnapvarosaertdij\/#organization\"},\"image\":{\"@id\":\"https:\/\/www.cityhungary.eu\/holnapvarosaertdij\/ujra-lehetett-palyazni-a-holnap-varosaert-dijra\/#primaryimage\"},\"thumbnailUrl\":\"https:\/\/www.cityhungary.eu\/holnapvarosaertdij\/wp-content\/uploads\/2018\/11\/CSR0822_1600px.jpg\",\"keywords\":[\"City Hungary\",\"\u00e9lhet\u0151 v\u00e1ros\",\"fenntarthat\u00f3 v\u00e1ros\",\"Holnap v\u00e1ros\u00e1\u00e9rt D\u00edj 2018\",\"magyar v\u00e1ros\"],\"articleSection\":[\"H\u00edrek\"],\"inLanguage\":\"hu\"},{\"@type\":\"WebPage\",\"@id\":\"https:\/\/www.cityhungary.eu\/holnapvarosaertdij\/ujra-lehetett-palyazni-a-holnap-varosaert-dijra\/\",\"url\":\"https:\/\/www.cityhungary.eu\/holnapvarosaertdij\/ujra-lehetett-palyazni-a-holnap-varosaert-dijra\/\",\"name\":\"\u00dajra lehetett p\u00e1ly\u00e1zni a Holnap v\u00e1ros\u00e1\u00e9rt D\u00edjra &#8226; Holnap V\u00e1ros\u00e1\u00e9rt D\u00edj\",\"isPartOf\":{\"@id\":\"https:\/\/www.cityhungary.eu\/holnapvarosaertdij\/#website\"},\"primaryImageOfPage\":{\"@id\":\"https:\/\/www.cityhungary.eu\/holnapvarosaertdij\/ujra-lehetett-palyazni-a-holnap-varosaert-dijra\/#primaryimage\"},\"image\":{\"@id\":\"https:\/\/www.cityhungary.eu\/holnapvarosaertdij\/ujra-lehetett-palyazni-a-holnap-varosaert-dijra\/#primaryimage\"},\"thumbnailUrl\":\"https:\/\/www.cityhungary.eu\/holnapvarosaertdij\/wp-content\/uploads\/2018\/11\/CSR0822_1600px.jpg\",\"datePublished\":\"2018-11-26T20:07:27+00:00\",\"breadcrumb\":{\"@id\":\"https:\/\/www.cityhungary.eu\/holnapvarosaertdij\/ujra-lehetett-palyazni-a-holnap-varosaert-dijra\/#breadcrumb\"},\"inLanguage\":\"hu\",\"potentialAction\":[{\"@type\":\"ReadAction\",\"target\":[\"https:\/\/www.cityhungary.eu\/holnapvarosaertdij\/ujra-lehetett-palyazni-a-holnap-varosaert-dijra\/\"]}]},{\"@type\":\"ImageObject\",\"inLanguage\":\"hu\",\"@id\":\"https:\/\/www.cityhungary.eu\/holnapvarosaertdij\/ujra-lehetett-palyazni-a-holnap-varosaert-dijra\/#primaryimage\",\"url\":\"\",\"contentUrl\":\"\"},{\"@type\":\"BreadcrumbList\",\"@id\":\"https:\/\/www.cityhungary.eu\/holnapvarosaertdij\/ujra-lehetett-palyazni-a-holnap-varosaert-dijra\/#breadcrumb\",\"itemListElement\":[{\"@type\":\"ListItem\",\"position\":1,\"name\":\"Kezd\u0151lap\",\"item\":\"https:\/\/www.cityhungary.eu\/holnapvarosaertdij\/\"},{\"@type\":\"ListItem\",\"position\":2,\"name\":\"\u00dajra lehetett p\u00e1ly\u00e1zni a Holnap v\u00e1ros\u00e1\u00e9rt D\u00edjra\"}]},{\"@type\":\"WebSite\",\"@id\":\"https:\/\/www.cityhungary.eu\/holnapvarosaertdij\/#website\",\"url\":\"https:\/\/www.cityhungary.eu\/holnapvarosaertdij\/\",\"name\":\"Holnap V\u00e1ros\u00e1\u00e9rt D\u00edj\",\"description\":\"A fenntarthat\u00f3 \u00e9s \u00e9lhet\u0151 v\u00e1rosok\u00e9rt\",\"publisher\":{\"@id\":\"https:\/\/www.cityhungary.eu\/holnapvarosaertdij\/#organization\"},\"potentialAction\":[{\"@type\":\"SearchAction\",\"target\":{\"@type\":\"EntryPoint\",\"urlTemplate\":\"https:\/\/www.cityhungary.eu\/holnapvarosaertdij\/?s={search_term_string}\"},\"query-input\":{\"@type\":\"PropertyValueSpecification\",\"valueRequired\":true,\"valueName\":\"search_term_string\"}}],\"inLanguage\":\"hu\"},{\"@type\":\"Organization\",\"@id\":\"https:\/\/www.cityhungary.eu\/holnapvarosaertdij\/#organization\",\"name\":\"Holnap V\u00e1ros\u00e1\u00e9rt D\u00edj\",\"alternateName\":\"Holnap V\u00e1ros\u00e1\u00e9rt D\u00edj\",\"url\":\"https:\/\/www.cityhungary.eu\/holnapvarosaertdij\/\",\"logo\":{\"@type\":\"ImageObject\",\"inLanguage\":\"hu\",\"@id\":\"https:\/\/www.cityhungary.eu\/holnapvarosaertdij\/#\/schema\/logo\/image\/\",\"url\":\"https:\/\/www.cityhungary.eu\/holnapvarosaertdij\/wp-content\/uploads\/2024\/05\/holnap_varosaert_dij_logo.png\",\"contentUrl\":\"https:\/\/www.cityhungary.eu\/holnapvarosaertdij\/wp-content\/uploads\/2024\/05\/holnap_varosaert_dij_logo.png\",\"width\":2000,\"height\":772,\"caption\":\"Holnap V\u00e1ros\u00e1\u00e9rt D\u00edj\"},\"image\":{\"@id\":\"https:\/\/www.cityhungary.eu\/holnapvarosaertdij\/#\/schema\/logo\/image\/\"}},{\"@type\":\"Person\",\"@id\":\"https:\/\/www.cityhungary.eu\/holnapvarosaertdij\/#\/schema\/person\/f941ae49574cfce245e54052df4c568a\",\"name\":\"admin\",\"image\":{\"@type\":\"ImageObject\",\"inLanguage\":\"hu\",\"@id\":\"https:\/\/www.cityhungary.eu\/holnapvarosaertdij\/#\/schema\/person\/image\/\",\"url\":\"https:\/\/secure.gravatar.com\/avatar\/695cd20ee5957c6777facc32078fa85cb7cdffedb5d2de1468632b484040f677?s=96&d=mm&r=g\",\"contentUrl\":\"https:\/\/secure.gravatar.com\/avatar\/695cd20ee5957c6777facc32078fa85cb7cdffedb5d2de1468632b484040f677?s=96&d=mm&r=g\",\"caption\":\"admin\"},\"sameAs\":[\"https:\/\/www.cityhungary.eu\/holnapvarosaertdij\"],\"url\":\"https:\/\/www.cityhungary.eu\/holnapvarosaertdij\/author\/dellartstudio\/\"}]}<\/script>\n<!-- \/ Yoast SEO Premium plugin. -->","yoast_head_json":{"title":"\u00dajra lehetett p\u00e1ly\u00e1zni a Holnap v\u00e1ros\u00e1\u00e9rt D\u00edjra &#8226; Holnap V\u00e1ros\u00e1\u00e9rt D\u00edj","robots":{"index":"index","follow":"follow","max-snippet":"max-snippet:-1","max-image-preview":"max-image-preview:large","max-video-preview":"max-video-preview:-1"},"canonical":"https:\/\/www.cityhungary.eu\/holnapvarosaertdij\/ujra-lehetett-palyazni-a-holnap-varosaert-dijra\/","og_locale":"hu_HU","og_type":"article","og_title":"\u00dajra lehetett p\u00e1ly\u00e1zni a Holnap v\u00e1ros\u00e1\u00e9rt D\u00edjra","og_description":"A 2010-ben alap\u00edtott City Hungary a fenntarthat\u00f3 \u00e9s \u00e9lhet\u0151 magyar v\u00e1rosok vezet\u0151 f\u00f3ruma.\u00a0 Minden, ami v\u00e1ros!\u00a0 A Program c\u00e9lja, hogy olyan sikeres hazai \u00e9s nemzetk\u00f6zi modelleket mutasson be,\u00a0melyek\u00a0min\u00e9l magasabb \u00e9letmin\u0151s\u00e9get biztos\u00edtanak az itt \u00e9l\u0151knek.\u00a0 E Program r\u00e9sze a 2013-ban alap\u00edtott nemzeti fenntarthat\u00f3 v\u00e1rosd\u00edj, a Holnap v\u00e1ros\u00e1\u00e9rt D\u00edj.\u00a0 2018. november 22-\u00e9n, Budapesten, a F\u0151v\u00e1rosi \u00d6nkorm\u00e1nyzat \u00dajv\u00e1rosh\u00e1za [&hellip;]","og_url":"https:\/\/www.cityhungary.eu\/holnapvarosaertdij\/ujra-lehetett-palyazni-a-holnap-varosaert-dijra\/","og_site_name":"Holnap V\u00e1ros\u00e1\u00e9rt D\u00edj","article_published_time":"2018-11-26T20:07:27+00:00","author":"admin","twitter_card":"summary_large_image","twitter_misc":{"Szerz\u0151:":"admin","Becs\u00fclt olvas\u00e1si id\u0151":"6 perc"},"schema":{"@context":"https:\/\/schema.org","@graph":[{"@type":"Article","@id":"https:\/\/www.cityhungary.eu\/holnapvarosaertdij\/ujra-lehetett-palyazni-a-holnap-varosaert-dijra\/#article","isPartOf":{"@id":"https:\/\/www.cityhungary.eu\/holnapvarosaertdij\/ujra-lehetett-palyazni-a-holnap-varosaert-dijra\/"},"author":{"name":"admin","@id":"https:\/\/www.cityhungary.eu\/holnapvarosaertdij\/#\/schema\/person\/f941ae49574cfce245e54052df4c568a"},"headline":"\u00dajra lehetett p\u00e1ly\u00e1zni a Holnap v\u00e1ros\u00e1\u00e9rt D\u00edjra","datePublished":"2018-11-26T20:07:27+00:00","mainEntityOfPage":{"@id":"https:\/\/www.cityhungary.eu\/holnapvarosaertdij\/ujra-lehetett-palyazni-a-holnap-varosaert-dijra\/"},"wordCount":1118,"publisher":{"@id":"https:\/\/www.cityhungary.eu\/holnapvarosaertdij\/#organization"},"image":{"@id":"https:\/\/www.cityhungary.eu\/holnapvarosaertdij\/ujra-lehetett-palyazni-a-holnap-varosaert-dijra\/#primaryimage"},"thumbnailUrl":"https:\/\/www.cityhungary.eu\/holnapvarosaertdij\/wp-content\/uploads\/2018\/11\/CSR0822_1600px.jpg","keywords":["City Hungary","\u00e9lhet\u0151 v\u00e1ros","fenntarthat\u00f3 v\u00e1ros","Holnap v\u00e1ros\u00e1\u00e9rt D\u00edj 2018","magyar v\u00e1ros"],"articleSection":["H\u00edrek"],"inLanguage":"hu"},{"@type":"WebPage","@id":"https:\/\/www.cityhungary.eu\/holnapvarosaertdij\/ujra-lehetett-palyazni-a-holnap-varosaert-dijra\/","url":"https:\/\/www.cityhungary.eu\/holnapvarosaertdij\/ujra-lehetett-palyazni-a-holnap-varosaert-dijra\/","name":"\u00dajra lehetett p\u00e1ly\u00e1zni a Holnap v\u00e1ros\u00e1\u00e9rt D\u00edjra &#8226; Holnap V\u00e1ros\u00e1\u00e9rt D\u00edj","isPartOf":{"@id":"https:\/\/www.cityhungary.eu\/holnapvarosaertdij\/#website"},"primaryImageOfPage":{"@id":"https:\/\/www.cityhungary.eu\/holnapvarosaertdij\/ujra-lehetett-palyazni-a-holnap-varosaert-dijra\/#primaryimage"},"image":{"@id":"https:\/\/www.cityhungary.eu\/holnapvarosaertdij\/ujra-lehetett-palyazni-a-holnap-varosaert-dijra\/#primaryimage"},"thumbnailUrl":"https:\/\/www.cityhungary.eu\/holnapvarosaertdij\/wp-content\/uploads\/2018\/11\/CSR0822_1600px.jpg","datePublished":"2018-11-26T20:07:27+00:00","breadcrumb":{"@id":"https:\/\/www.cityhungary.eu\/holnapvarosaertdij\/ujra-lehetett-palyazni-a-holnap-varosaert-dijra\/#breadcrumb"},"inLanguage":"hu","potentialAction":[{"@type":"ReadAction","target":["https:\/\/www.cityhungary.eu\/holnapvarosaertdij\/ujra-lehetett-palyazni-a-holnap-varosaert-dijra\/"]}]},{"@type":"ImageObject","inLanguage":"hu","@id":"https:\/\/www.cityhungary.eu\/holnapvarosaertdij\/ujra-lehetett-palyazni-a-holnap-varosaert-dijra\/#primaryimage","url":"","contentUrl":""},{"@type":"BreadcrumbList","@id":"https:\/\/www.cityhungary.eu\/holnapvarosaertdij\/ujra-lehetett-palyazni-a-holnap-varosaert-dijra\/#breadcrumb","itemListElement":[{"@type":"ListItem","position":1,"name":"Kezd\u0151lap","item":"https:\/\/www.cityhungary.eu\/holnapvarosaertdij\/"},{"@type":"ListItem","position":2,"name":"\u00dajra lehetett p\u00e1ly\u00e1zni a Holnap v\u00e1ros\u00e1\u00e9rt D\u00edjra"}]},{"@type":"WebSite","@id":"https:\/\/www.cityhungary.eu\/holnapvarosaertdij\/#website","url":"https:\/\/www.cityhungary.eu\/holnapvarosaertdij\/","name":"Holnap V\u00e1ros\u00e1\u00e9rt D\u00edj","description":"A fenntarthat\u00f3 \u00e9s \u00e9lhet\u0151 v\u00e1rosok\u00e9rt","publisher":{"@id":"https:\/\/www.cityhungary.eu\/holnapvarosaertdij\/#organization"},"potentialAction":[{"@type":"SearchAction","target":{"@type":"EntryPoint","urlTemplate":"https:\/\/www.cityhungary.eu\/holnapvarosaertdij\/?s={search_term_string}"},"query-input":{"@type":"PropertyValueSpecification","valueRequired":true,"valueName":"search_term_string"}}],"inLanguage":"hu"},{"@type":"Organization","@id":"https:\/\/www.cityhungary.eu\/holnapvarosaertdij\/#organization","name":"Holnap V\u00e1ros\u00e1\u00e9rt D\u00edj","alternateName":"Holnap V\u00e1ros\u00e1\u00e9rt D\u00edj","url":"https:\/\/www.cityhungary.eu\/holnapvarosaertdij\/","logo":{"@type":"ImageObject","inLanguage":"hu","@id":"https:\/\/www.cityhungary.eu\/holnapvarosaertdij\/#\/schema\/logo\/image\/","url":"https:\/\/www.cityhungary.eu\/holnapvarosaertdij\/wp-content\/uploads\/2024\/05\/holnap_varosaert_dij_logo.png","contentUrl":"https:\/\/www.cityhungary.eu\/holnapvarosaertdij\/wp-content\/uploads\/2024\/05\/holnap_varosaert_dij_logo.png","width":2000,"height":772,"caption":"Holnap V\u00e1ros\u00e1\u00e9rt D\u00edj"},"image":{"@id":"https:\/\/www.cityhungary.eu\/holnapvarosaertdij\/#\/schema\/logo\/image\/"}},{"@type":"Person","@id":"https:\/\/www.cityhungary.eu\/holnapvarosaertdij\/#\/schema\/person\/f941ae49574cfce245e54052df4c568a","name":"admin","image":{"@type":"ImageObject","inLanguage":"hu","@id":"https:\/\/www.cityhungary.eu\/holnapvarosaertdij\/#\/schema\/person\/image\/","url":"https:\/\/secure.gravatar.com\/avatar\/695cd20ee5957c6777facc32078fa85cb7cdffedb5d2de1468632b484040f677?s=96&d=mm&r=g","contentUrl":"https:\/\/secure.gravatar.com\/avatar\/695cd20ee5957c6777facc32078fa85cb7cdffedb5d2de1468632b484040f677?s=96&d=mm&r=g","caption":"admin"},"sameAs":["https:\/\/www.cityhungary.eu\/holnapvarosaertdij"],"url":"https:\/\/www.cityhungary.eu\/holnapvarosaertdij\/author\/dellartstudio\/"}]}},"_links":{"self":[{"href":"https:\/\/www.cityhungary.eu\/holnapvarosaertdij\/wp-json\/wp\/v2\/posts\/1333","targetHints":{"allow":["GET"]}}],"collection":[{"href":"https:\/\/www.cityhungary.eu\/holnapvarosaertdij\/wp-json\/wp\/v2\/posts"}],"about":[{"href":"https:\/\/www.cityhungary.eu\/holnapvarosaertdij\/wp-json\/wp\/v2\/types\/post"}],"author":[{"embeddable":true,"href":"https:\/\/www.cityhungary.eu\/holnapvarosaertdij\/wp-json\/wp\/v2\/users\/3"}],"replies":[{"embeddable":true,"href":"https:\/\/www.cityhungary.eu\/holnapvarosaertdij\/wp-json\/wp\/v2\/comments?post=1333"}],"version-history":[{"count":0,"href":"https:\/\/www.cityhungary.eu\/holnapvarosaertdij\/wp-json\/wp\/v2\/posts\/1333\/revisions"}],"wp:attachment":[{"href":"https:\/\/www.cityhungary.eu\/holnapvarosaertdij\/wp-json\/wp\/v2\/media?parent=1333"}],"wp:term":[{"taxonomy":"category","embeddable":true,"href":"https:\/\/www.cityhungary.eu\/holnapvarosaertdij\/wp-json\/wp\/v2\/categories?post=1333"},{"taxonomy":"post_tag","embeddable":true,"href":"https:\/\/www.cityhungary.eu\/holnapvarosaertdij\/wp-json\/wp\/v2\/tags?post=1333"}],"curies":[{"name":"wp","href":"https:\/\/api.w.org\/{rel}","templated":true}]}}