{"id":1560,"date":"2022-06-22T16:08:02","date_gmt":"2022-06-22T16:08:02","guid":{"rendered":"https:\/\/www.cityhungary.eu\/holnapvarosaertdij\/?p=1560"},"modified":"2026-01-28T16:10:34","modified_gmt":"2026-01-28T16:10:34","slug":"mar-palyazhatsz-a-holnap-varosaert-dijra","status":"publish","type":"post","link":"https:\/\/www.cityhungary.eu\/holnapvarosaertdij\/mar-palyazhatsz-a-holnap-varosaert-dijra\/","title":{"rendered":"M\u00e1r p\u00e1ly\u00e1zhatsz a Holnap v\u00e1ros\u00e1\u00e9rt D\u00edjra"},"content":{"rendered":"\r\n<p>\u00dajra lehet p\u00e1ly\u00e1zni a Covid id\u0151szak ut\u00e1n a\u00a0<strong>Holnap v\u00e1ros\u00e1\u00e9rt D\u00edjra<\/strong>. A CSR Hungary t\u00e1rsm\u00e1rk\u00e1ja a City Hungary. A City Hungary hirdeti meg a Holnap v\u00e1ros\u00e1\u00e9rt d\u00edjat 2013-t\u00f3l. A D\u00edj \u00f6szt\u00f6nz\u0151 a jobbra, modernebbre, fenntarthat\u00f3bbra, \u00e9lhet\u0151bb k\u00f6rnyezetre t\u00f6rekv\u0151, magasabb \u00e9letmin\u0151s\u00e9get t\u00e1mogat\u00f3 v\u00e1llalkoz\u00e1sok, int\u00e9zm\u00e9nyek, szervezetek, helyi k\u00f6z\u00f6ss\u00e9gek, \u00f6nkorm\u00e1nyzatok sz\u00e1m\u00e1ra. A Holnap v\u00e1ros\u00e1\u00e9rt D\u00edj a helyi k\u00f6z\u00f6ss\u00e9gek, a helyi emberek k\u00f6vetend\u0151 p\u00e9ld\u00e1ira h\u00edvja fel a figyelmet.<br \/><br \/>Felk\u00e9rt f\u0151v\u00e9dn\u00f6k\u00f6k: dr. Navracsics Tibor, ter\u00fcletfejleszt\u00e9s\u00e9rt \u00e9s az uni\u00f3s forr\u00e1sok eloszt\u00e1s\u00e1\u00e9rt felel\u0151s miniszter \u00e9s dr. R\u00e9lthelyi Mikl\u00f3s, az UNESCO Magyar Nemzeti Bizotts\u00e1g eln\u00f6ke.<br \/>A p\u00e1ly\u00e1zati anyagok lead\u00e1si hat\u00e1rideje: 2022.09.15.<\/p>\r\n\r\n\r\n\r\n<p><strong>P\u00e1ly\u00e1zhat\u00f3 kateg\u00f3ri\u00e1k 2022-ben:<\/strong><\/p>\r\n\r\n\r\n\r\n<p>Tiszta v\u00e1ros\u00e9rt- a felel\u0151s hullad\u00e9kgazd\u00e1lkod\u00e1s\u00e9rt<\/p>\r\n\r\n\r\n\r\n<p>Term\u00e9szeti er\u0151forr\u00e1sok hat\u00e9konys\u00e1g\u00e1\u00e9rt<\/p>\r\n\r\n\r\n\r\n<p>\u00dczlet a v\u00e1ros\u00e9rt<\/p>\r\n\r\n\r\n\r\n<p>A fenntarthat\u00f3 k\u00f6z\u00f6ss\u00e9gek\u00e9rt \u2013 m\u0171v\u00e9szet, kult\u00fara, szellemi \u00f6r\u00f6ks\u00e9gek meg\u0151rz\u00e9se<\/p>\r\n\r\n\r\n\r\n<p>Mozg\u00e1sban a v\u00e1ros- a fenntarthat\u00f3 sz\u00e1ll\u00edt\u00e1s\u00e9rt \u00e9s k\u00f6zleked\u00e9s\u00e9rt<\/p>\r\n\r\n\r\n\r\n<p>Eg\u00e9szs\u00e9ges v\u00e1ros\u00e9rt<\/p>\r\n\r\n\r\n\r\n<p>Az intelligens v\u00e1ros\u00e9rt<\/p>\r\n\r\n\r\n\r\n<p>A fenntarthat\u00f3 v\u00e1ros\u00e9rt (integr\u00e1lt v\u00e1rosmodell)<\/p>\r\n\r\n\r\n\r\n<p><em><strong>Kattints a <a href=\"https:\/\/www.cityhungary.eu\/holnapvarosaertdij\/nevezes\/\">Nevez\u00e9si csomag let\u00f6lt\u00e9s\u00e9hez itt!<\/a><\/strong><\/em><\/p>\r\n","protected":false},"excerpt":{"rendered":"<p>\u00dajra lehet p\u00e1ly\u00e1zni a Covid id\u0151szak ut\u00e1n a Holnap v\u00e1ros\u00e1\u00e9rt D\u00edjra. A CSR Hungary t\u00e1rsm\u00e1rk\u00e1ja a City Hungary. A City Hungary hirdeti meg a Holnap v\u00e1ros\u00e1\u00e9rt d\u00edjat 2013-t\u00f3l. A D\u00edj \u00f6szt\u00f6nz\u0151 a jobbra, modernebbre, fenntarthat\u00f3bbra, \u00e9lhet\u0151bb k\u00f6rnyezetre t\u00f6rekv\u0151, magasabb \u00e9letmin\u0151s\u00e9get t\u00e1mogat\u00f3 v\u00e1llalkoz\u00e1sok, int\u00e9zm\u00e9nyek, szervezetek, helyi k\u00f6z\u00f6ss\u00e9gek, \u00f6nkorm\u00e1nyzatok sz\u00e1m\u00e1ra<\/p>\n","protected":false},"author":3,"featured_media":5404,"comment_status":"closed","ping_status":"closed","sticky":false,"template":"","format":"standard","meta":{"footnotes":""},"categories":[3],"tags":[208,165,184],"class_list":["post-1560","post","type-post","status-publish","format-standard","has-post-thumbnail","hentry","category-hirek","tag-fenntarthato-telepules","tag-fenntarthato-varos","tag-holnap-varosaert-dij"],"yoast_head":"<!-- This site is optimized with the Yoast SEO Premium plugin v24.8 (Yoast SEO v24.9) - https:\/\/yoast.com\/wordpress\/plugins\/seo\/ -->\n<title>M\u00e1r p\u00e1ly\u00e1zhatsz a Holnap v\u00e1ros\u00e1\u00e9rt D\u00edjra &#8226; Holnap V\u00e1ros\u00e1\u00e9rt D\u00edj<\/title>\n<meta name=\"robots\" content=\"index, follow, max-snippet:-1, max-image-preview:large, max-video-preview:-1\" \/>\n<link rel=\"canonical\" href=\"https:\/\/www.cityhungary.eu\/holnapvarosaertdij\/mar-palyazhatsz-a-holnap-varosaert-dijra\/\" \/>\n<meta property=\"og:locale\" content=\"hu_HU\" \/>\n<meta property=\"og:type\" content=\"article\" \/>\n<meta property=\"og:title\" content=\"M\u00e1r p\u00e1ly\u00e1zhatsz a Holnap v\u00e1ros\u00e1\u00e9rt D\u00edjra\" \/>\n<meta property=\"og:description\" content=\"\u00dajra lehet p\u00e1ly\u00e1zni a Covid id\u0151szak ut\u00e1n a Holnap v\u00e1ros\u00e1\u00e9rt D\u00edjra. A CSR Hungary t\u00e1rsm\u00e1rk\u00e1ja a City Hungary. A City Hungary hirdeti meg a Holnap v\u00e1ros\u00e1\u00e9rt d\u00edjat 2013-t\u00f3l. A D\u00edj \u00f6szt\u00f6nz\u0151 a jobbra, modernebbre, fenntarthat\u00f3bbra, \u00e9lhet\u0151bb k\u00f6rnyezetre t\u00f6rekv\u0151, magasabb \u00e9letmin\u0151s\u00e9get t\u00e1mogat\u00f3 v\u00e1llalkoz\u00e1sok, int\u00e9zm\u00e9nyek, szervezetek, helyi k\u00f6z\u00f6ss\u00e9gek, \u00f6nkorm\u00e1nyzatok sz\u00e1m\u00e1ra\" \/>\n<meta property=\"og:url\" content=\"https:\/\/www.cityhungary.eu\/holnapvarosaertdij\/mar-palyazhatsz-a-holnap-varosaert-dijra\/\" \/>\n<meta property=\"og:site_name\" content=\"Holnap V\u00e1ros\u00e1\u00e9rt D\u00edj\" \/>\n<meta property=\"article:published_time\" content=\"2022-06-22T16:08:02+00:00\" \/>\n<meta property=\"article:modified_time\" content=\"2026-01-28T16:10:34+00:00\" \/>\n<meta property=\"og:image\" content=\"https:\/\/www.cityhungary.eu\/holnapvarosaertdij\/wp-content\/uploads\/2025\/10\/MAR4747_1600PX-1038x576-1.jpg\" \/>\n\t<meta property=\"og:image:width\" content=\"1038\" \/>\n\t<meta property=\"og:image:height\" content=\"576\" \/>\n\t<meta property=\"og:image:type\" content=\"image\/jpeg\" \/>\n<meta name=\"author\" content=\"admin\" \/>\n<meta name=\"twitter:card\" content=\"summary_large_image\" \/>\n<meta name=\"twitter:label1\" content=\"Szerz\u0151:\" \/>\n\t<meta name=\"twitter:data1\" content=\"admin\" \/>\n\t<meta name=\"twitter:label2\" content=\"Becs\u00fclt olvas\u00e1si id\u0151\" \/>\n\t<meta name=\"twitter:data2\" content=\"1 perc\" \/>\n<script type=\"application\/ld+json\" class=\"yoast-schema-graph\">{\"@context\":\"https:\/\/schema.org\",\"@graph\":[{\"@type\":\"Article\",\"@id\":\"https:\/\/www.cityhungary.eu\/holnapvarosaertdij\/mar-palyazhatsz-a-holnap-varosaert-dijra\/#article\",\"isPartOf\":{\"@id\":\"https:\/\/www.cityhungary.eu\/holnapvarosaertdij\/mar-palyazhatsz-a-holnap-varosaert-dijra\/\"},\"author\":{\"name\":\"admin\",\"@id\":\"https:\/\/www.cityhungary.eu\/holnapvarosaertdij\/#\/schema\/person\/f941ae49574cfce245e54052df4c568a\"},\"headline\":\"M\u00e1r p\u00e1ly\u00e1zhatsz a Holnap v\u00e1ros\u00e1\u00e9rt D\u00edjra\",\"datePublished\":\"2022-06-22T16:08:02+00:00\",\"dateModified\":\"2026-01-28T16:10:34+00:00\",\"mainEntityOfPage\":{\"@id\":\"https:\/\/www.cityhungary.eu\/holnapvarosaertdij\/mar-palyazhatsz-a-holnap-varosaert-dijra\/\"},\"wordCount\":267,\"publisher\":{\"@id\":\"https:\/\/www.cityhungary.eu\/holnapvarosaertdij\/#organization\"},\"image\":{\"@id\":\"https:\/\/www.cityhungary.eu\/holnapvarosaertdij\/mar-palyazhatsz-a-holnap-varosaert-dijra\/#primaryimage\"},\"thumbnailUrl\":\"https:\/\/www.cityhungary.eu\/holnapvarosaertdij\/wp-content\/uploads\/2025\/10\/MAR4747_1600PX-1038x576-1.jpg\",\"keywords\":[\"fenntarthat\u00f3 telep\u00fcl\u00e9s\",\"fenntarthat\u00f3 v\u00e1ros\",\"Holnap v\u00e1ros\u00e1\u00e9rt D\u00edj\"],\"articleSection\":[\"H\u00edrek\"],\"inLanguage\":\"hu\"},{\"@type\":\"WebPage\",\"@id\":\"https:\/\/www.cityhungary.eu\/holnapvarosaertdij\/mar-palyazhatsz-a-holnap-varosaert-dijra\/\",\"url\":\"https:\/\/www.cityhungary.eu\/holnapvarosaertdij\/mar-palyazhatsz-a-holnap-varosaert-dijra\/\",\"name\":\"M\u00e1r p\u00e1ly\u00e1zhatsz a Holnap v\u00e1ros\u00e1\u00e9rt D\u00edjra &#8226; Holnap V\u00e1ros\u00e1\u00e9rt D\u00edj\",\"isPartOf\":{\"@id\":\"https:\/\/www.cityhungary.eu\/holnapvarosaertdij\/#website\"},\"primaryImageOfPage\":{\"@id\":\"https:\/\/www.cityhungary.eu\/holnapvarosaertdij\/mar-palyazhatsz-a-holnap-varosaert-dijra\/#primaryimage\"},\"image\":{\"@id\":\"https:\/\/www.cityhungary.eu\/holnapvarosaertdij\/mar-palyazhatsz-a-holnap-varosaert-dijra\/#primaryimage\"},\"thumbnailUrl\":\"https:\/\/www.cityhungary.eu\/holnapvarosaertdij\/wp-content\/uploads\/2025\/10\/MAR4747_1600PX-1038x576-1.jpg\",\"datePublished\":\"2022-06-22T16:08:02+00:00\",\"dateModified\":\"2026-01-28T16:10:34+00:00\",\"breadcrumb\":{\"@id\":\"https:\/\/www.cityhungary.eu\/holnapvarosaertdij\/mar-palyazhatsz-a-holnap-varosaert-dijra\/#breadcrumb\"},\"inLanguage\":\"hu\",\"potentialAction\":[{\"@type\":\"ReadAction\",\"target\":[\"https:\/\/www.cityhungary.eu\/holnapvarosaertdij\/mar-palyazhatsz-a-holnap-varosaert-dijra\/\"]}]},{\"@type\":\"ImageObject\",\"inLanguage\":\"hu\",\"@id\":\"https:\/\/www.cityhungary.eu\/holnapvarosaertdij\/mar-palyazhatsz-a-holnap-varosaert-dijra\/#primaryimage\",\"url\":\"https:\/\/www.cityhungary.eu\/holnapvarosaertdij\/wp-content\/uploads\/2025\/10\/MAR4747_1600PX-1038x576-1.jpg\",\"contentUrl\":\"https:\/\/www.cityhungary.eu\/holnapvarosaertdij\/wp-content\/uploads\/2025\/10\/MAR4747_1600PX-1038x576-1.jpg\",\"width\":1038,\"height\":576},{\"@type\":\"BreadcrumbList\",\"@id\":\"https:\/\/www.cityhungary.eu\/holnapvarosaertdij\/mar-palyazhatsz-a-holnap-varosaert-dijra\/#breadcrumb\",\"itemListElement\":[{\"@type\":\"ListItem\",\"position\":1,\"name\":\"Kezd\u0151lap\",\"item\":\"https:\/\/www.cityhungary.eu\/holnapvarosaertdij\/\"},{\"@type\":\"ListItem\",\"position\":2,\"name\":\"M\u00e1r p\u00e1ly\u00e1zhatsz a Holnap v\u00e1ros\u00e1\u00e9rt D\u00edjra\"}]},{\"@type\":\"WebSite\",\"@id\":\"https:\/\/www.cityhungary.eu\/holnapvarosaertdij\/#website\",\"url\":\"https:\/\/www.cityhungary.eu\/holnapvarosaertdij\/\",\"name\":\"Holnap V\u00e1ros\u00e1\u00e9rt D\u00edj\",\"description\":\"A fenntarthat\u00f3 \u00e9s \u00e9lhet\u0151 v\u00e1rosok\u00e9rt\",\"publisher\":{\"@id\":\"https:\/\/www.cityhungary.eu\/holnapvarosaertdij\/#organization\"},\"potentialAction\":[{\"@type\":\"SearchAction\",\"target\":{\"@type\":\"EntryPoint\",\"urlTemplate\":\"https:\/\/www.cityhungary.eu\/holnapvarosaertdij\/?s={search_term_string}\"},\"query-input\":{\"@type\":\"PropertyValueSpecification\",\"valueRequired\":true,\"valueName\":\"search_term_string\"}}],\"inLanguage\":\"hu\"},{\"@type\":\"Organization\",\"@id\":\"https:\/\/www.cityhungary.eu\/holnapvarosaertdij\/#organization\",\"name\":\"Holnap V\u00e1ros\u00e1\u00e9rt D\u00edj\",\"alternateName\":\"Holnap V\u00e1ros\u00e1\u00e9rt D\u00edj\",\"url\":\"https:\/\/www.cityhungary.eu\/holnapvarosaertdij\/\",\"logo\":{\"@type\":\"ImageObject\",\"inLanguage\":\"hu\",\"@id\":\"https:\/\/www.cityhungary.eu\/holnapvarosaertdij\/#\/schema\/logo\/image\/\",\"url\":\"https:\/\/www.cityhungary.eu\/holnapvarosaertdij\/wp-content\/uploads\/2024\/05\/holnap_varosaert_dij_logo.png\",\"contentUrl\":\"https:\/\/www.cityhungary.eu\/holnapvarosaertdij\/wp-content\/uploads\/2024\/05\/holnap_varosaert_dij_logo.png\",\"width\":2000,\"height\":772,\"caption\":\"Holnap V\u00e1ros\u00e1\u00e9rt D\u00edj\"},\"image\":{\"@id\":\"https:\/\/www.cityhungary.eu\/holnapvarosaertdij\/#\/schema\/logo\/image\/\"}},{\"@type\":\"Person\",\"@id\":\"https:\/\/www.cityhungary.eu\/holnapvarosaertdij\/#\/schema\/person\/f941ae49574cfce245e54052df4c568a\",\"name\":\"admin\",\"image\":{\"@type\":\"ImageObject\",\"inLanguage\":\"hu\",\"@id\":\"https:\/\/www.cityhungary.eu\/holnapvarosaertdij\/#\/schema\/person\/image\/\",\"url\":\"https:\/\/secure.gravatar.com\/avatar\/695cd20ee5957c6777facc32078fa85cb7cdffedb5d2de1468632b484040f677?s=96&d=mm&r=g\",\"contentUrl\":\"https:\/\/secure.gravatar.com\/avatar\/695cd20ee5957c6777facc32078fa85cb7cdffedb5d2de1468632b484040f677?s=96&d=mm&r=g\",\"caption\":\"admin\"},\"sameAs\":[\"https:\/\/www.cityhungary.eu\/holnapvarosaertdij\"],\"url\":\"https:\/\/www.cityhungary.eu\/holnapvarosaertdij\/author\/dellartstudio\/\"}]}<\/script>\n<!-- \/ Yoast SEO Premium plugin. -->","yoast_head_json":{"title":"M\u00e1r p\u00e1ly\u00e1zhatsz a Holnap v\u00e1ros\u00e1\u00e9rt D\u00edjra &#8226; Holnap V\u00e1ros\u00e1\u00e9rt D\u00edj","robots":{"index":"index","follow":"follow","max-snippet":"max-snippet:-1","max-image-preview":"max-image-preview:large","max-video-preview":"max-video-preview:-1"},"canonical":"https:\/\/www.cityhungary.eu\/holnapvarosaertdij\/mar-palyazhatsz-a-holnap-varosaert-dijra\/","og_locale":"hu_HU","og_type":"article","og_title":"M\u00e1r p\u00e1ly\u00e1zhatsz a Holnap v\u00e1ros\u00e1\u00e9rt D\u00edjra","og_description":"\u00dajra lehet p\u00e1ly\u00e1zni a Covid id\u0151szak ut\u00e1n a Holnap v\u00e1ros\u00e1\u00e9rt D\u00edjra. A CSR Hungary t\u00e1rsm\u00e1rk\u00e1ja a City Hungary. A City Hungary hirdeti meg a Holnap v\u00e1ros\u00e1\u00e9rt d\u00edjat 2013-t\u00f3l. A D\u00edj \u00f6szt\u00f6nz\u0151 a jobbra, modernebbre, fenntarthat\u00f3bbra, \u00e9lhet\u0151bb k\u00f6rnyezetre t\u00f6rekv\u0151, magasabb \u00e9letmin\u0151s\u00e9get t\u00e1mogat\u00f3 v\u00e1llalkoz\u00e1sok, int\u00e9zm\u00e9nyek, szervezetek, helyi k\u00f6z\u00f6ss\u00e9gek, \u00f6nkorm\u00e1nyzatok sz\u00e1m\u00e1ra","og_url":"https:\/\/www.cityhungary.eu\/holnapvarosaertdij\/mar-palyazhatsz-a-holnap-varosaert-dijra\/","og_site_name":"Holnap V\u00e1ros\u00e1\u00e9rt D\u00edj","article_published_time":"2022-06-22T16:08:02+00:00","article_modified_time":"2026-01-28T16:10:34+00:00","og_image":[{"width":1038,"height":576,"url":"https:\/\/www.cityhungary.eu\/holnapvarosaertdij\/wp-content\/uploads\/2025\/10\/MAR4747_1600PX-1038x576-1.jpg","type":"image\/jpeg"}],"author":"admin","twitter_card":"summary_large_image","twitter_misc":{"Szerz\u0151:":"admin","Becs\u00fclt olvas\u00e1si id\u0151":"1 perc"},"schema":{"@context":"https:\/\/schema.org","@graph":[{"@type":"Article","@id":"https:\/\/www.cityhungary.eu\/holnapvarosaertdij\/mar-palyazhatsz-a-holnap-varosaert-dijra\/#article","isPartOf":{"@id":"https:\/\/www.cityhungary.eu\/holnapvarosaertdij\/mar-palyazhatsz-a-holnap-varosaert-dijra\/"},"author":{"name":"admin","@id":"https:\/\/www.cityhungary.eu\/holnapvarosaertdij\/#\/schema\/person\/f941ae49574cfce245e54052df4c568a"},"headline":"M\u00e1r p\u00e1ly\u00e1zhatsz a Holnap v\u00e1ros\u00e1\u00e9rt D\u00edjra","datePublished":"2022-06-22T16:08:02+00:00","dateModified":"2026-01-28T16:10:34+00:00","mainEntityOfPage":{"@id":"https:\/\/www.cityhungary.eu\/holnapvarosaertdij\/mar-palyazhatsz-a-holnap-varosaert-dijra\/"},"wordCount":267,"publisher":{"@id":"https:\/\/www.cityhungary.eu\/holnapvarosaertdij\/#organization"},"image":{"@id":"https:\/\/www.cityhungary.eu\/holnapvarosaertdij\/mar-palyazhatsz-a-holnap-varosaert-dijra\/#primaryimage"},"thumbnailUrl":"https:\/\/www.cityhungary.eu\/holnapvarosaertdij\/wp-content\/uploads\/2025\/10\/MAR4747_1600PX-1038x576-1.jpg","keywords":["fenntarthat\u00f3 telep\u00fcl\u00e9s","fenntarthat\u00f3 v\u00e1ros","Holnap v\u00e1ros\u00e1\u00e9rt D\u00edj"],"articleSection":["H\u00edrek"],"inLanguage":"hu"},{"@type":"WebPage","@id":"https:\/\/www.cityhungary.eu\/holnapvarosaertdij\/mar-palyazhatsz-a-holnap-varosaert-dijra\/","url":"https:\/\/www.cityhungary.eu\/holnapvarosaertdij\/mar-palyazhatsz-a-holnap-varosaert-dijra\/","name":"M\u00e1r p\u00e1ly\u00e1zhatsz a Holnap v\u00e1ros\u00e1\u00e9rt D\u00edjra &#8226; Holnap V\u00e1ros\u00e1\u00e9rt D\u00edj","isPartOf":{"@id":"https:\/\/www.cityhungary.eu\/holnapvarosaertdij\/#website"},"primaryImageOfPage":{"@id":"https:\/\/www.cityhungary.eu\/holnapvarosaertdij\/mar-palyazhatsz-a-holnap-varosaert-dijra\/#primaryimage"},"image":{"@id":"https:\/\/www.cityhungary.eu\/holnapvarosaertdij\/mar-palyazhatsz-a-holnap-varosaert-dijra\/#primaryimage"},"thumbnailUrl":"https:\/\/www.cityhungary.eu\/holnapvarosaertdij\/wp-content\/uploads\/2025\/10\/MAR4747_1600PX-1038x576-1.jpg","datePublished":"2022-06-22T16:08:02+00:00","dateModified":"2026-01-28T16:10:34+00:00","breadcrumb":{"@id":"https:\/\/www.cityhungary.eu\/holnapvarosaertdij\/mar-palyazhatsz-a-holnap-varosaert-dijra\/#breadcrumb"},"inLanguage":"hu","potentialAction":[{"@type":"ReadAction","target":["https:\/\/www.cityhungary.eu\/holnapvarosaertdij\/mar-palyazhatsz-a-holnap-varosaert-dijra\/"]}]},{"@type":"ImageObject","inLanguage":"hu","@id":"https:\/\/www.cityhungary.eu\/holnapvarosaertdij\/mar-palyazhatsz-a-holnap-varosaert-dijra\/#primaryimage","url":"https:\/\/www.cityhungary.eu\/holnapvarosaertdij\/wp-content\/uploads\/2025\/10\/MAR4747_1600PX-1038x576-1.jpg","contentUrl":"https:\/\/www.cityhungary.eu\/holnapvarosaertdij\/wp-content\/uploads\/2025\/10\/MAR4747_1600PX-1038x576-1.jpg","width":1038,"height":576},{"@type":"BreadcrumbList","@id":"https:\/\/www.cityhungary.eu\/holnapvarosaertdij\/mar-palyazhatsz-a-holnap-varosaert-dijra\/#breadcrumb","itemListElement":[{"@type":"ListItem","position":1,"name":"Kezd\u0151lap","item":"https:\/\/www.cityhungary.eu\/holnapvarosaertdij\/"},{"@type":"ListItem","position":2,"name":"M\u00e1r p\u00e1ly\u00e1zhatsz a Holnap v\u00e1ros\u00e1\u00e9rt D\u00edjra"}]},{"@type":"WebSite","@id":"https:\/\/www.cityhungary.eu\/holnapvarosaertdij\/#website","url":"https:\/\/www.cityhungary.eu\/holnapvarosaertdij\/","name":"Holnap V\u00e1ros\u00e1\u00e9rt D\u00edj","description":"A fenntarthat\u00f3 \u00e9s \u00e9lhet\u0151 v\u00e1rosok\u00e9rt","publisher":{"@id":"https:\/\/www.cityhungary.eu\/holnapvarosaertdij\/#organization"},"potentialAction":[{"@type":"SearchAction","target":{"@type":"EntryPoint","urlTemplate":"https:\/\/www.cityhungary.eu\/holnapvarosaertdij\/?s={search_term_string}"},"query-input":{"@type":"PropertyValueSpecification","valueRequired":true,"valueName":"search_term_string"}}],"inLanguage":"hu"},{"@type":"Organization","@id":"https:\/\/www.cityhungary.eu\/holnapvarosaertdij\/#organization","name":"Holnap V\u00e1ros\u00e1\u00e9rt D\u00edj","alternateName":"Holnap V\u00e1ros\u00e1\u00e9rt D\u00edj","url":"https:\/\/www.cityhungary.eu\/holnapvarosaertdij\/","logo":{"@type":"ImageObject","inLanguage":"hu","@id":"https:\/\/www.cityhungary.eu\/holnapvarosaertdij\/#\/schema\/logo\/image\/","url":"https:\/\/www.cityhungary.eu\/holnapvarosaertdij\/wp-content\/uploads\/2024\/05\/holnap_varosaert_dij_logo.png","contentUrl":"https:\/\/www.cityhungary.eu\/holnapvarosaertdij\/wp-content\/uploads\/2024\/05\/holnap_varosaert_dij_logo.png","width":2000,"height":772,"caption":"Holnap V\u00e1ros\u00e1\u00e9rt D\u00edj"},"image":{"@id":"https:\/\/www.cityhungary.eu\/holnapvarosaertdij\/#\/schema\/logo\/image\/"}},{"@type":"Person","@id":"https:\/\/www.cityhungary.eu\/holnapvarosaertdij\/#\/schema\/person\/f941ae49574cfce245e54052df4c568a","name":"admin","image":{"@type":"ImageObject","inLanguage":"hu","@id":"https:\/\/www.cityhungary.eu\/holnapvarosaertdij\/#\/schema\/person\/image\/","url":"https:\/\/secure.gravatar.com\/avatar\/695cd20ee5957c6777facc32078fa85cb7cdffedb5d2de1468632b484040f677?s=96&d=mm&r=g","contentUrl":"https:\/\/secure.gravatar.com\/avatar\/695cd20ee5957c6777facc32078fa85cb7cdffedb5d2de1468632b484040f677?s=96&d=mm&r=g","caption":"admin"},"sameAs":["https:\/\/www.cityhungary.eu\/holnapvarosaertdij"],"url":"https:\/\/www.cityhungary.eu\/holnapvarosaertdij\/author\/dellartstudio\/"}]}},"_links":{"self":[{"href":"https:\/\/www.cityhungary.eu\/holnapvarosaertdij\/wp-json\/wp\/v2\/posts\/1560","targetHints":{"allow":["GET"]}}],"collection":[{"href":"https:\/\/www.cityhungary.eu\/holnapvarosaertdij\/wp-json\/wp\/v2\/posts"}],"about":[{"href":"https:\/\/www.cityhungary.eu\/holnapvarosaertdij\/wp-json\/wp\/v2\/types\/post"}],"author":[{"embeddable":true,"href":"https:\/\/www.cityhungary.eu\/holnapvarosaertdij\/wp-json\/wp\/v2\/users\/3"}],"replies":[{"embeddable":true,"href":"https:\/\/www.cityhungary.eu\/holnapvarosaertdij\/wp-json\/wp\/v2\/comments?post=1560"}],"version-history":[{"count":1,"href":"https:\/\/www.cityhungary.eu\/holnapvarosaertdij\/wp-json\/wp\/v2\/posts\/1560\/revisions"}],"predecessor-version":[{"id":5425,"href":"https:\/\/www.cityhungary.eu\/holnapvarosaertdij\/wp-json\/wp\/v2\/posts\/1560\/revisions\/5425"}],"wp:featuredmedia":[{"embeddable":true,"href":"https:\/\/www.cityhungary.eu\/holnapvarosaertdij\/wp-json\/wp\/v2\/media\/5404"}],"wp:attachment":[{"href":"https:\/\/www.cityhungary.eu\/holnapvarosaertdij\/wp-json\/wp\/v2\/media?parent=1560"}],"wp:term":[{"taxonomy":"category","embeddable":true,"href":"https:\/\/www.cityhungary.eu\/holnapvarosaertdij\/wp-json\/wp\/v2\/categories?post=1560"},{"taxonomy":"post_tag","embeddable":true,"href":"https:\/\/www.cityhungary.eu\/holnapvarosaertdij\/wp-json\/wp\/v2\/tags?post=1560"}],"curies":[{"name":"wp","href":"https:\/\/api.w.org\/{rel}","templated":true}]}}