{"id":1629,"date":"2023-06-17T16:57:01","date_gmt":"2023-06-17T16:57:01","guid":{"rendered":"https:\/\/www.cityhungary.eu\/holnapvarosaertdij\/?p=1629"},"modified":"2026-01-28T16:07:50","modified_gmt":"2026-01-28T16:07:50","slug":"holnap-varosaert-dij-2023-nem-mindegy-hol-es-hogyan-elunk","status":"publish","type":"post","link":"https:\/\/www.cityhungary.eu\/holnapvarosaertdij\/holnap-varosaert-dij-2023-nem-mindegy-hol-es-hogyan-elunk\/","title":{"rendered":"Holnap v\u00e1ros\u00e1\u00e9rt D\u00edj 2023-Nem mindegy hol \u00e9s hogyan \u00e9l\u00fcnk!"},"content":{"rendered":"\r\n<p class=\"has-drop-cap\">2<strong>023-ban ism\u00e9t meghirdetj\u00fck a Holnap v\u00e1ros\u00e1\u00e9rt D\u00edjat, melyet el\u0151sz\u00f6r a City Hungary Program r\u00e9szek\u00e9nt 2013-ban el\u0151sz\u00f6r hirdett\u00fcnk meg. R\u00f6vid id\u0151 alatt rendk\u00edv\u00fcl n\u00e9pszer\u0171v\u00e9 v\u00e1lt, a nemzeti fenntarthat\u00f3 v\u00e1rosd\u00edj. A Holnap v\u00e1ros\u00e1\u00e9rt D\u00edj v\u00e9djegyhaszn\u00e1lat\u00e1ra \u00f6nk\u00e9ntes a p\u00e1ly\u00e1zat.<\/strong> <br \/><em>K\u00e9r\u00e9sre meghosszabb\u00edtott hat\u00e1rid\u0151k!<\/em><br \/><strong>Regisztr\u00e1ci\u00f3s folyamat lez\u00e1r\u00e1si hat\u00e1rid\u0151: 2023. augusztus 22, 24.00 \u00f3ra<br \/>P\u00e1ly\u00e1zati anyagok lead\u00e1si hat\u00e1rideje:<\/strong>\u00a0<strong>2023. augusztus 31.<\/strong><\/p>\r\n\r\n\r\n\r\n<p>A COVID vil\u00e1gj\u00e1rv\u00e1ny miatt korl\u00e1toz\u00e1sok sz\u00e1mos v\u00e1ros \u00e9lhet\u0151s\u00e9g\u00e9t alapjaiban megv\u00e1ltoztatta: a szoci\u00e1lis \u00e9rintkez\u00e9sek minim\u00e1lisra cs\u00f6kkent\u00e9se, hisz bez\u00e1rtak az \u00e9ttermek, k\u00e1v\u00e9z\u00f3k, szem\u00e9lyes tal\u00e1lkoz\u00f3helyek \u2026 A helyi gazdas\u00e1gok is szembes\u00fcltek a k\u00f6vetkezm\u00e9nyekkel: home office \u00e1ltal\u00e1noss\u00e1 t\u00e9tele, egyes infrastruktur\u00e1lis, innovat\u00edv eszk\u00f6z\u00f6k intenz\u00edvebb haszn\u00e1lata\u2026 A sz\u00e1ll\u00edt\u00e1si, k\u00f6zleked\u00e9si \u00e9rt\u00e9kl\u00e1nc megszakad\u00e1sa \u2026 Mind-mind hat\u00e1ssal volt \u00e9s van\u00a0<strong>a v\u00e1rosok fenntarthat\u00f3 modellj\u00e9re.<\/strong>\u00a0Az hogy mi v\u00e1ltozott meg esetlegesen, a hogyanokra fogunk v\u00e1laszt kapni a p\u00e1ly\u00e1z\u00f3kt\u00f3l.<\/p>\r\n\r\n\r\n\r\n<p><em>\u201d Minden helyi k\u00f6z\u00f6ss\u00e9gnek megvan a maga karaktere, ha tetszik a maga egy\u00e9nis\u00e9ge.<br \/>M\u00e1s-m\u00e1s term\u00e9szeti, gazdas\u00e1gi, kultur\u00e1lis, t\u00e1rsadalmi adotts\u00e1ggal rendelkezve, m\u00e1s-m\u00e1s m\u00f3don, m\u00e1s-m\u00e1s form\u00e1ban, r\u00e9szben saj\u00e1t \u00fatjukat j\u00e1rva v\u00e1lhatnak min\u00e9l fenntarthat\u00f3bb\u00e1, min\u00e9l \u00e9lhet\u0151bb\u00e9 a telep\u00fcl\u00e9sek.<\/em><\/p>\r\n\r\n\r\n\r\n<p><em>Ehhez \u00f6szt\u00f6nz\u0151 er\u0151 lehet, ha b\u00fcszk\u00e9k lehet\u00fcnk saj\u00e1t \u00e9rt\u00e9keinkre, munk\u00e1inkra. Er\u0151ss\u00e9geinkre \u00e9p\u00edtkezve tudunk tov\u00e1bb fejl\u0151dni. Ez\u00e9rt indult \u00fatj\u00e1ra a nemzeti v\u00e1rosd\u00edj, a Holnap v\u00e1ros\u00e1\u00e9rt D\u00edj 2013-ban. \u201c<\/em>\u00a0id\u00e9zte fel\u00a0<strong>Tak\u00e1cs J\u00falia a City Hungary alap\u00edt\u00f3-\u00fcgyvezet\u0151je.<\/strong><\/p>\r\n\r\n\r\n\r\n<p><em>Amikor a 2006-ban elind\u00edtott CSR Hungary (v\u00e1llalati felel\u0151ss\u00e9g \u00e9s fenntarthat\u00f3s\u00e1g) mellett helyet kapott 2013-ban a t\u00e1rsm\u00e1rka City Hungary, akkor abb\u00f3l indultunk ki, hogy a CSR Hungary f\u00f3kusz\u00e1ban a c\u00e9gek\/v\u00e1llalkoz\u00e1sok \u00e1llnak. Viszont minden c\u00e9gnek, v\u00e1llalkoz\u00e1snak harmonikus kapcsolatott kell kialak\u00edtani a helyi k\u00f6z\u00f6ss\u00e9ggel. A telep\u00fcl\u00e9ssel, a v\u00e1rossal, ahol tulajdonosai, munkav\u00e1llal\u00f3i \u00e9lnek \u00e9s dolgoznak. Term\u00e9szetesen a m\u0171k\u00f6d\u00e9shez sz\u00fcks\u00e9ges fenntarthat\u00f3 rendszerek (infrastrukt\u00fara, \u00f6nkorm\u00e1nyzat vezet\u00e9s, k\u00f6zm\u0171vek, kult\u00fara stb.) sz\u00ednvonala, min\u0151s\u00e9ge sem elhanyagolhat\u00f3 t\u00e9nyez\u0151. \u00cdgy logikusan k\u00f6vetkezett az, hogy a City Hungary \u2013 a c\u00e9gek fenntarthat\u00f3 m\u0171k\u00f6d\u00e9s\u00e9t is seg\u00edtve-a fenntarthat\u00f3 v\u00e1rosmodellt \u00e1ll\u00edtotta k\u00f6z\u00e9ppontba. Nem kiz\u00e1r\u00f3lag z\u00f6ld aspektusb\u00f3l megk\u00f6zel\u00edtve. Hisz a v\u00e1ros, a telep\u00fcl\u00e9s az emberi aspektusokat (kult\u00fara, oktat\u00e1s, eg\u00e9szs\u00e9g) is figyelembe kell, hogy vegye.\u201d<\/em><\/p>\r\n\r\n\r\n\r\n<p>A\u00a0<strong>Holnap v\u00e1ros\u00e1\u00e9rt D\u00edj<\/strong>\u00a0mell\u00e9 \u00e1llt az alap\u00edt\u00e1st\u00f3l kezdve\u00a0<strong>f\u0151v\u00e9dn\u00f6kk\u00e9nt dr. R\u00e9thelyi Mikl\u00f3s, az UNESCO Magyar Nemzeti Bizotts\u00e1g eln\u00f6ke, az Ember Er\u0151forr\u00e1s Miniszt\u00e9rium alap\u00edt\u00f3 minisztere.<\/strong><\/p>\r\n\r\n\r\n\r\n<p class=\"has-background has-light-green-cyan-background-color\">A<strong>\u00a0regisztr\u00e1ci\u00f3s folyamat lez\u00e1r\u00e1si\u00a0hat\u00e1rideje<\/strong>:<strong>\u00a02023. augusztus 22.<\/strong><br \/>A<strong>\u00a0p\u00e1ly\u00e1zati anyagok<\/strong>\u00a0<strong>lead\u00e1si hat\u00e1rideje:<\/strong>\u00a0<strong>2023. augusztus 31.<\/strong><\/p>\r\n\r\n\r\n\r\n<p><strong>L\u00e1sd a r\u00e9szletek itt:<\/strong><br \/><a href=\"https:\/\/www.cityhungary.eu\/holnapvarosaertdij\/nevezes\/\">https:\/\/www.cityhungary.eu\/holnapvarosaertdij\/nevezes\/<\/a><\/p>\r\n\r\n\r\n\r\n<p><strong>Tov\u00e1bbi inform\u00e1ci\u00f3:<\/strong><br \/>takacs.andrea@atlantispress.hu<br \/>+361-352-0957<\/p>\r\n\r\n\r\n\r\n<p>&nbsp;<\/p>\r\n","protected":false},"excerpt":{"rendered":"<p>2023-ban ism\u00e9t meghirdetj\u00fck a Holnap v\u00e1ros\u00e1\u00e9rt D\u00edjat, melyet el\u0151sz\u00f6r a City Hungary Program r\u00e9szek\u00e9nt 2013-ban el\u0151sz\u00f6r hirdett\u00fcnk meg. R\u00f6vid id\u0151 alatt rendk\u00edv\u00fcl n\u00e9pszer\u0171v\u00e9 v\u00e1lt, a nemzeti fenntarthat\u00f3 v\u00e1rosd\u00edj. A Holnap v\u00e1ros\u00e1\u00e9rt D\u00edj v\u00e9djegyhaszn\u00e1lat\u00e1ra \u00f6nk\u00e9ntes a p\u00e1ly\u00e1zat.<br \/>\nRegisztr\u00e1ci\u00f3s hat\u00e1rid\u0151: 2023. j\u00falius 14, 24.00 \u00f3ra<br \/>\nP\u00e1ly\u00e1zati anyagok lead\u00e1si hat\u00e1rideje: 2023. j\u00falius 20.<\/p>\n","protected":false},"author":3,"featured_media":5404,"comment_status":"closed","ping_status":"closed","sticky":false,"template":"","format":"standard","meta":{"footnotes":""},"categories":[3],"tags":[167,209,165,210,211],"class_list":["post-1629","post","type-post","status-publish","format-standard","has-post-thumbnail","hentry","category-hirek","tag-elheto-varos","tag-fenntarthato-kozosseg","tag-fenntarthato-varos","tag-fenntarthato-varosdij","tag-holnap-varosaert-dij-2023"],"yoast_head":"<!-- This site is optimized with the Yoast SEO Premium plugin v24.8 (Yoast SEO v24.9) - https:\/\/yoast.com\/wordpress\/plugins\/seo\/ -->\n<title>Holnap v\u00e1ros\u00e1\u00e9rt D\u00edj 2023-Nem mindegy hol \u00e9s hogyan \u00e9l\u00fcnk! &#8226; Holnap V\u00e1ros\u00e1\u00e9rt D\u00edj<\/title>\n<meta name=\"robots\" content=\"index, follow, max-snippet:-1, max-image-preview:large, max-video-preview:-1\" \/>\n<link rel=\"canonical\" href=\"https:\/\/www.cityhungary.eu\/holnapvarosaertdij\/holnap-varosaert-dij-2023-nem-mindegy-hol-es-hogyan-elunk\/\" \/>\n<meta property=\"og:locale\" content=\"hu_HU\" \/>\n<meta property=\"og:type\" content=\"article\" \/>\n<meta property=\"og:title\" content=\"Holnap v\u00e1ros\u00e1\u00e9rt D\u00edj 2023-Nem mindegy hol \u00e9s hogyan \u00e9l\u00fcnk!\" \/>\n<meta property=\"og:description\" content=\"2023-ban ism\u00e9t meghirdetj\u00fck a Holnap v\u00e1ros\u00e1\u00e9rt D\u00edjat, melyet el\u0151sz\u00f6r a City Hungary Program r\u00e9szek\u00e9nt 2013-ban el\u0151sz\u00f6r hirdett\u00fcnk meg. R\u00f6vid id\u0151 alatt rendk\u00edv\u00fcl n\u00e9pszer\u0171v\u00e9 v\u00e1lt, a nemzeti fenntarthat\u00f3 v\u00e1rosd\u00edj. A Holnap v\u00e1ros\u00e1\u00e9rt D\u00edj v\u00e9djegyhaszn\u00e1lat\u00e1ra \u00f6nk\u00e9ntes a p\u00e1ly\u00e1zat. Regisztr\u00e1ci\u00f3s hat\u00e1rid\u0151: 2023. j\u00falius 14, 24.00 \u00f3ra P\u00e1ly\u00e1zati anyagok lead\u00e1si hat\u00e1rideje: 2023. j\u00falius 20.\" \/>\n<meta property=\"og:url\" content=\"https:\/\/www.cityhungary.eu\/holnapvarosaertdij\/holnap-varosaert-dij-2023-nem-mindegy-hol-es-hogyan-elunk\/\" \/>\n<meta property=\"og:site_name\" content=\"Holnap V\u00e1ros\u00e1\u00e9rt D\u00edj\" \/>\n<meta property=\"article:published_time\" content=\"2023-06-17T16:57:01+00:00\" \/>\n<meta property=\"article:modified_time\" content=\"2026-01-28T16:07:50+00:00\" \/>\n<meta property=\"og:image\" content=\"https:\/\/www.cityhungary.eu\/holnapvarosaertdij\/wp-content\/uploads\/2025\/10\/MAR4747_1600PX-1038x576-1.jpg\" \/>\n\t<meta property=\"og:image:width\" content=\"1038\" \/>\n\t<meta property=\"og:image:height\" content=\"576\" \/>\n\t<meta property=\"og:image:type\" content=\"image\/jpeg\" \/>\n<meta name=\"author\" content=\"admin\" \/>\n<meta name=\"twitter:card\" content=\"summary_large_image\" \/>\n<meta name=\"twitter:label1\" content=\"Szerz\u0151:\" \/>\n\t<meta name=\"twitter:data1\" content=\"admin\" \/>\n\t<meta name=\"twitter:label2\" content=\"Becs\u00fclt olvas\u00e1si id\u0151\" \/>\n\t<meta name=\"twitter:data2\" content=\"3 perc\" \/>\n<script type=\"application\/ld+json\" class=\"yoast-schema-graph\">{\"@context\":\"https:\/\/schema.org\",\"@graph\":[{\"@type\":\"Article\",\"@id\":\"https:\/\/www.cityhungary.eu\/holnapvarosaertdij\/holnap-varosaert-dij-2023-nem-mindegy-hol-es-hogyan-elunk\/#article\",\"isPartOf\":{\"@id\":\"https:\/\/www.cityhungary.eu\/holnapvarosaertdij\/holnap-varosaert-dij-2023-nem-mindegy-hol-es-hogyan-elunk\/\"},\"author\":{\"name\":\"admin\",\"@id\":\"https:\/\/www.cityhungary.eu\/holnapvarosaertdij\/#\/schema\/person\/f941ae49574cfce245e54052df4c568a\"},\"headline\":\"Holnap v\u00e1ros\u00e1\u00e9rt D\u00edj 2023-Nem mindegy hol \u00e9s hogyan \u00e9l\u00fcnk!\",\"datePublished\":\"2023-06-17T16:57:01+00:00\",\"dateModified\":\"2026-01-28T16:07:50+00:00\",\"mainEntityOfPage\":{\"@id\":\"https:\/\/www.cityhungary.eu\/holnapvarosaertdij\/holnap-varosaert-dij-2023-nem-mindegy-hol-es-hogyan-elunk\/\"},\"wordCount\":606,\"publisher\":{\"@id\":\"https:\/\/www.cityhungary.eu\/holnapvarosaertdij\/#organization\"},\"image\":{\"@id\":\"https:\/\/www.cityhungary.eu\/holnapvarosaertdij\/holnap-varosaert-dij-2023-nem-mindegy-hol-es-hogyan-elunk\/#primaryimage\"},\"thumbnailUrl\":\"https:\/\/www.cityhungary.eu\/holnapvarosaertdij\/wp-content\/uploads\/2025\/10\/MAR4747_1600PX-1038x576-1.jpg\",\"keywords\":[\"\u00e9lhet\u0151 v\u00e1ros\",\"fenntarthat\u00f3 k\u00f6z\u00f6ss\u00e9g\",\"fenntarthat\u00f3 v\u00e1ros\",\"fenntarthat\u00f3 v\u00e1rosd\u00edj\",\"Holnap v\u00e1ros\u00e1\u00e9rt D\u00edj 2023\"],\"articleSection\":[\"H\u00edrek\"],\"inLanguage\":\"hu\"},{\"@type\":\"WebPage\",\"@id\":\"https:\/\/www.cityhungary.eu\/holnapvarosaertdij\/holnap-varosaert-dij-2023-nem-mindegy-hol-es-hogyan-elunk\/\",\"url\":\"https:\/\/www.cityhungary.eu\/holnapvarosaertdij\/holnap-varosaert-dij-2023-nem-mindegy-hol-es-hogyan-elunk\/\",\"name\":\"Holnap v\u00e1ros\u00e1\u00e9rt D\u00edj 2023-Nem mindegy hol \u00e9s hogyan \u00e9l\u00fcnk! &#8226; Holnap V\u00e1ros\u00e1\u00e9rt D\u00edj\",\"isPartOf\":{\"@id\":\"https:\/\/www.cityhungary.eu\/holnapvarosaertdij\/#website\"},\"primaryImageOfPage\":{\"@id\":\"https:\/\/www.cityhungary.eu\/holnapvarosaertdij\/holnap-varosaert-dij-2023-nem-mindegy-hol-es-hogyan-elunk\/#primaryimage\"},\"image\":{\"@id\":\"https:\/\/www.cityhungary.eu\/holnapvarosaertdij\/holnap-varosaert-dij-2023-nem-mindegy-hol-es-hogyan-elunk\/#primaryimage\"},\"thumbnailUrl\":\"https:\/\/www.cityhungary.eu\/holnapvarosaertdij\/wp-content\/uploads\/2025\/10\/MAR4747_1600PX-1038x576-1.jpg\",\"datePublished\":\"2023-06-17T16:57:01+00:00\",\"dateModified\":\"2026-01-28T16:07:50+00:00\",\"breadcrumb\":{\"@id\":\"https:\/\/www.cityhungary.eu\/holnapvarosaertdij\/holnap-varosaert-dij-2023-nem-mindegy-hol-es-hogyan-elunk\/#breadcrumb\"},\"inLanguage\":\"hu\",\"potentialAction\":[{\"@type\":\"ReadAction\",\"target\":[\"https:\/\/www.cityhungary.eu\/holnapvarosaertdij\/holnap-varosaert-dij-2023-nem-mindegy-hol-es-hogyan-elunk\/\"]}]},{\"@type\":\"ImageObject\",\"inLanguage\":\"hu\",\"@id\":\"https:\/\/www.cityhungary.eu\/holnapvarosaertdij\/holnap-varosaert-dij-2023-nem-mindegy-hol-es-hogyan-elunk\/#primaryimage\",\"url\":\"https:\/\/www.cityhungary.eu\/holnapvarosaertdij\/wp-content\/uploads\/2025\/10\/MAR4747_1600PX-1038x576-1.jpg\",\"contentUrl\":\"https:\/\/www.cityhungary.eu\/holnapvarosaertdij\/wp-content\/uploads\/2025\/10\/MAR4747_1600PX-1038x576-1.jpg\",\"width\":1038,\"height\":576},{\"@type\":\"BreadcrumbList\",\"@id\":\"https:\/\/www.cityhungary.eu\/holnapvarosaertdij\/holnap-varosaert-dij-2023-nem-mindegy-hol-es-hogyan-elunk\/#breadcrumb\",\"itemListElement\":[{\"@type\":\"ListItem\",\"position\":1,\"name\":\"Kezd\u0151lap\",\"item\":\"https:\/\/www.cityhungary.eu\/holnapvarosaertdij\/\"},{\"@type\":\"ListItem\",\"position\":2,\"name\":\"Holnap v\u00e1ros\u00e1\u00e9rt D\u00edj 2023-Nem mindegy hol \u00e9s hogyan \u00e9l\u00fcnk!\"}]},{\"@type\":\"WebSite\",\"@id\":\"https:\/\/www.cityhungary.eu\/holnapvarosaertdij\/#website\",\"url\":\"https:\/\/www.cityhungary.eu\/holnapvarosaertdij\/\",\"name\":\"Holnap V\u00e1ros\u00e1\u00e9rt D\u00edj\",\"description\":\"A fenntarthat\u00f3 \u00e9s \u00e9lhet\u0151 v\u00e1rosok\u00e9rt\",\"publisher\":{\"@id\":\"https:\/\/www.cityhungary.eu\/holnapvarosaertdij\/#organization\"},\"potentialAction\":[{\"@type\":\"SearchAction\",\"target\":{\"@type\":\"EntryPoint\",\"urlTemplate\":\"https:\/\/www.cityhungary.eu\/holnapvarosaertdij\/?s={search_term_string}\"},\"query-input\":{\"@type\":\"PropertyValueSpecification\",\"valueRequired\":true,\"valueName\":\"search_term_string\"}}],\"inLanguage\":\"hu\"},{\"@type\":\"Organization\",\"@id\":\"https:\/\/www.cityhungary.eu\/holnapvarosaertdij\/#organization\",\"name\":\"Holnap V\u00e1ros\u00e1\u00e9rt D\u00edj\",\"alternateName\":\"Holnap V\u00e1ros\u00e1\u00e9rt D\u00edj\",\"url\":\"https:\/\/www.cityhungary.eu\/holnapvarosaertdij\/\",\"logo\":{\"@type\":\"ImageObject\",\"inLanguage\":\"hu\",\"@id\":\"https:\/\/www.cityhungary.eu\/holnapvarosaertdij\/#\/schema\/logo\/image\/\",\"url\":\"https:\/\/www.cityhungary.eu\/holnapvarosaertdij\/wp-content\/uploads\/2024\/05\/holnap_varosaert_dij_logo.png\",\"contentUrl\":\"https:\/\/www.cityhungary.eu\/holnapvarosaertdij\/wp-content\/uploads\/2024\/05\/holnap_varosaert_dij_logo.png\",\"width\":2000,\"height\":772,\"caption\":\"Holnap V\u00e1ros\u00e1\u00e9rt D\u00edj\"},\"image\":{\"@id\":\"https:\/\/www.cityhungary.eu\/holnapvarosaertdij\/#\/schema\/logo\/image\/\"}},{\"@type\":\"Person\",\"@id\":\"https:\/\/www.cityhungary.eu\/holnapvarosaertdij\/#\/schema\/person\/f941ae49574cfce245e54052df4c568a\",\"name\":\"admin\",\"image\":{\"@type\":\"ImageObject\",\"inLanguage\":\"hu\",\"@id\":\"https:\/\/www.cityhungary.eu\/holnapvarosaertdij\/#\/schema\/person\/image\/\",\"url\":\"https:\/\/secure.gravatar.com\/avatar\/695cd20ee5957c6777facc32078fa85cb7cdffedb5d2de1468632b484040f677?s=96&d=mm&r=g\",\"contentUrl\":\"https:\/\/secure.gravatar.com\/avatar\/695cd20ee5957c6777facc32078fa85cb7cdffedb5d2de1468632b484040f677?s=96&d=mm&r=g\",\"caption\":\"admin\"},\"sameAs\":[\"https:\/\/www.cityhungary.eu\/holnapvarosaertdij\"],\"url\":\"https:\/\/www.cityhungary.eu\/holnapvarosaertdij\/author\/dellartstudio\/\"}]}<\/script>\n<!-- \/ Yoast SEO Premium plugin. -->","yoast_head_json":{"title":"Holnap v\u00e1ros\u00e1\u00e9rt D\u00edj 2023-Nem mindegy hol \u00e9s hogyan \u00e9l\u00fcnk! &#8226; Holnap V\u00e1ros\u00e1\u00e9rt D\u00edj","robots":{"index":"index","follow":"follow","max-snippet":"max-snippet:-1","max-image-preview":"max-image-preview:large","max-video-preview":"max-video-preview:-1"},"canonical":"https:\/\/www.cityhungary.eu\/holnapvarosaertdij\/holnap-varosaert-dij-2023-nem-mindegy-hol-es-hogyan-elunk\/","og_locale":"hu_HU","og_type":"article","og_title":"Holnap v\u00e1ros\u00e1\u00e9rt D\u00edj 2023-Nem mindegy hol \u00e9s hogyan \u00e9l\u00fcnk!","og_description":"2023-ban ism\u00e9t meghirdetj\u00fck a Holnap v\u00e1ros\u00e1\u00e9rt D\u00edjat, melyet el\u0151sz\u00f6r a City Hungary Program r\u00e9szek\u00e9nt 2013-ban el\u0151sz\u00f6r hirdett\u00fcnk meg. R\u00f6vid id\u0151 alatt rendk\u00edv\u00fcl n\u00e9pszer\u0171v\u00e9 v\u00e1lt, a nemzeti fenntarthat\u00f3 v\u00e1rosd\u00edj. A Holnap v\u00e1ros\u00e1\u00e9rt D\u00edj v\u00e9djegyhaszn\u00e1lat\u00e1ra \u00f6nk\u00e9ntes a p\u00e1ly\u00e1zat. Regisztr\u00e1ci\u00f3s hat\u00e1rid\u0151: 2023. j\u00falius 14, 24.00 \u00f3ra P\u00e1ly\u00e1zati anyagok lead\u00e1si hat\u00e1rideje: 2023. j\u00falius 20.","og_url":"https:\/\/www.cityhungary.eu\/holnapvarosaertdij\/holnap-varosaert-dij-2023-nem-mindegy-hol-es-hogyan-elunk\/","og_site_name":"Holnap V\u00e1ros\u00e1\u00e9rt D\u00edj","article_published_time":"2023-06-17T16:57:01+00:00","article_modified_time":"2026-01-28T16:07:50+00:00","og_image":[{"width":1038,"height":576,"url":"https:\/\/www.cityhungary.eu\/holnapvarosaertdij\/wp-content\/uploads\/2025\/10\/MAR4747_1600PX-1038x576-1.jpg","type":"image\/jpeg"}],"author":"admin","twitter_card":"summary_large_image","twitter_misc":{"Szerz\u0151:":"admin","Becs\u00fclt olvas\u00e1si id\u0151":"3 perc"},"schema":{"@context":"https:\/\/schema.org","@graph":[{"@type":"Article","@id":"https:\/\/www.cityhungary.eu\/holnapvarosaertdij\/holnap-varosaert-dij-2023-nem-mindegy-hol-es-hogyan-elunk\/#article","isPartOf":{"@id":"https:\/\/www.cityhungary.eu\/holnapvarosaertdij\/holnap-varosaert-dij-2023-nem-mindegy-hol-es-hogyan-elunk\/"},"author":{"name":"admin","@id":"https:\/\/www.cityhungary.eu\/holnapvarosaertdij\/#\/schema\/person\/f941ae49574cfce245e54052df4c568a"},"headline":"Holnap v\u00e1ros\u00e1\u00e9rt D\u00edj 2023-Nem mindegy hol \u00e9s hogyan \u00e9l\u00fcnk!","datePublished":"2023-06-17T16:57:01+00:00","dateModified":"2026-01-28T16:07:50+00:00","mainEntityOfPage":{"@id":"https:\/\/www.cityhungary.eu\/holnapvarosaertdij\/holnap-varosaert-dij-2023-nem-mindegy-hol-es-hogyan-elunk\/"},"wordCount":606,"publisher":{"@id":"https:\/\/www.cityhungary.eu\/holnapvarosaertdij\/#organization"},"image":{"@id":"https:\/\/www.cityhungary.eu\/holnapvarosaertdij\/holnap-varosaert-dij-2023-nem-mindegy-hol-es-hogyan-elunk\/#primaryimage"},"thumbnailUrl":"https:\/\/www.cityhungary.eu\/holnapvarosaertdij\/wp-content\/uploads\/2025\/10\/MAR4747_1600PX-1038x576-1.jpg","keywords":["\u00e9lhet\u0151 v\u00e1ros","fenntarthat\u00f3 k\u00f6z\u00f6ss\u00e9g","fenntarthat\u00f3 v\u00e1ros","fenntarthat\u00f3 v\u00e1rosd\u00edj","Holnap v\u00e1ros\u00e1\u00e9rt D\u00edj 2023"],"articleSection":["H\u00edrek"],"inLanguage":"hu"},{"@type":"WebPage","@id":"https:\/\/www.cityhungary.eu\/holnapvarosaertdij\/holnap-varosaert-dij-2023-nem-mindegy-hol-es-hogyan-elunk\/","url":"https:\/\/www.cityhungary.eu\/holnapvarosaertdij\/holnap-varosaert-dij-2023-nem-mindegy-hol-es-hogyan-elunk\/","name":"Holnap v\u00e1ros\u00e1\u00e9rt D\u00edj 2023-Nem mindegy hol \u00e9s hogyan \u00e9l\u00fcnk! &#8226; Holnap V\u00e1ros\u00e1\u00e9rt D\u00edj","isPartOf":{"@id":"https:\/\/www.cityhungary.eu\/holnapvarosaertdij\/#website"},"primaryImageOfPage":{"@id":"https:\/\/www.cityhungary.eu\/holnapvarosaertdij\/holnap-varosaert-dij-2023-nem-mindegy-hol-es-hogyan-elunk\/#primaryimage"},"image":{"@id":"https:\/\/www.cityhungary.eu\/holnapvarosaertdij\/holnap-varosaert-dij-2023-nem-mindegy-hol-es-hogyan-elunk\/#primaryimage"},"thumbnailUrl":"https:\/\/www.cityhungary.eu\/holnapvarosaertdij\/wp-content\/uploads\/2025\/10\/MAR4747_1600PX-1038x576-1.jpg","datePublished":"2023-06-17T16:57:01+00:00","dateModified":"2026-01-28T16:07:50+00:00","breadcrumb":{"@id":"https:\/\/www.cityhungary.eu\/holnapvarosaertdij\/holnap-varosaert-dij-2023-nem-mindegy-hol-es-hogyan-elunk\/#breadcrumb"},"inLanguage":"hu","potentialAction":[{"@type":"ReadAction","target":["https:\/\/www.cityhungary.eu\/holnapvarosaertdij\/holnap-varosaert-dij-2023-nem-mindegy-hol-es-hogyan-elunk\/"]}]},{"@type":"ImageObject","inLanguage":"hu","@id":"https:\/\/www.cityhungary.eu\/holnapvarosaertdij\/holnap-varosaert-dij-2023-nem-mindegy-hol-es-hogyan-elunk\/#primaryimage","url":"https:\/\/www.cityhungary.eu\/holnapvarosaertdij\/wp-content\/uploads\/2025\/10\/MAR4747_1600PX-1038x576-1.jpg","contentUrl":"https:\/\/www.cityhungary.eu\/holnapvarosaertdij\/wp-content\/uploads\/2025\/10\/MAR4747_1600PX-1038x576-1.jpg","width":1038,"height":576},{"@type":"BreadcrumbList","@id":"https:\/\/www.cityhungary.eu\/holnapvarosaertdij\/holnap-varosaert-dij-2023-nem-mindegy-hol-es-hogyan-elunk\/#breadcrumb","itemListElement":[{"@type":"ListItem","position":1,"name":"Kezd\u0151lap","item":"https:\/\/www.cityhungary.eu\/holnapvarosaertdij\/"},{"@type":"ListItem","position":2,"name":"Holnap v\u00e1ros\u00e1\u00e9rt D\u00edj 2023-Nem mindegy hol \u00e9s hogyan \u00e9l\u00fcnk!"}]},{"@type":"WebSite","@id":"https:\/\/www.cityhungary.eu\/holnapvarosaertdij\/#website","url":"https:\/\/www.cityhungary.eu\/holnapvarosaertdij\/","name":"Holnap V\u00e1ros\u00e1\u00e9rt D\u00edj","description":"A fenntarthat\u00f3 \u00e9s \u00e9lhet\u0151 v\u00e1rosok\u00e9rt","publisher":{"@id":"https:\/\/www.cityhungary.eu\/holnapvarosaertdij\/#organization"},"potentialAction":[{"@type":"SearchAction","target":{"@type":"EntryPoint","urlTemplate":"https:\/\/www.cityhungary.eu\/holnapvarosaertdij\/?s={search_term_string}"},"query-input":{"@type":"PropertyValueSpecification","valueRequired":true,"valueName":"search_term_string"}}],"inLanguage":"hu"},{"@type":"Organization","@id":"https:\/\/www.cityhungary.eu\/holnapvarosaertdij\/#organization","name":"Holnap V\u00e1ros\u00e1\u00e9rt D\u00edj","alternateName":"Holnap V\u00e1ros\u00e1\u00e9rt D\u00edj","url":"https:\/\/www.cityhungary.eu\/holnapvarosaertdij\/","logo":{"@type":"ImageObject","inLanguage":"hu","@id":"https:\/\/www.cityhungary.eu\/holnapvarosaertdij\/#\/schema\/logo\/image\/","url":"https:\/\/www.cityhungary.eu\/holnapvarosaertdij\/wp-content\/uploads\/2024\/05\/holnap_varosaert_dij_logo.png","contentUrl":"https:\/\/www.cityhungary.eu\/holnapvarosaertdij\/wp-content\/uploads\/2024\/05\/holnap_varosaert_dij_logo.png","width":2000,"height":772,"caption":"Holnap V\u00e1ros\u00e1\u00e9rt D\u00edj"},"image":{"@id":"https:\/\/www.cityhungary.eu\/holnapvarosaertdij\/#\/schema\/logo\/image\/"}},{"@type":"Person","@id":"https:\/\/www.cityhungary.eu\/holnapvarosaertdij\/#\/schema\/person\/f941ae49574cfce245e54052df4c568a","name":"admin","image":{"@type":"ImageObject","inLanguage":"hu","@id":"https:\/\/www.cityhungary.eu\/holnapvarosaertdij\/#\/schema\/person\/image\/","url":"https:\/\/secure.gravatar.com\/avatar\/695cd20ee5957c6777facc32078fa85cb7cdffedb5d2de1468632b484040f677?s=96&d=mm&r=g","contentUrl":"https:\/\/secure.gravatar.com\/avatar\/695cd20ee5957c6777facc32078fa85cb7cdffedb5d2de1468632b484040f677?s=96&d=mm&r=g","caption":"admin"},"sameAs":["https:\/\/www.cityhungary.eu\/holnapvarosaertdij"],"url":"https:\/\/www.cityhungary.eu\/holnapvarosaertdij\/author\/dellartstudio\/"}]}},"_links":{"self":[{"href":"https:\/\/www.cityhungary.eu\/holnapvarosaertdij\/wp-json\/wp\/v2\/posts\/1629","targetHints":{"allow":["GET"]}}],"collection":[{"href":"https:\/\/www.cityhungary.eu\/holnapvarosaertdij\/wp-json\/wp\/v2\/posts"}],"about":[{"href":"https:\/\/www.cityhungary.eu\/holnapvarosaertdij\/wp-json\/wp\/v2\/types\/post"}],"author":[{"embeddable":true,"href":"https:\/\/www.cityhungary.eu\/holnapvarosaertdij\/wp-json\/wp\/v2\/users\/3"}],"replies":[{"embeddable":true,"href":"https:\/\/www.cityhungary.eu\/holnapvarosaertdij\/wp-json\/wp\/v2\/comments?post=1629"}],"version-history":[{"count":1,"href":"https:\/\/www.cityhungary.eu\/holnapvarosaertdij\/wp-json\/wp\/v2\/posts\/1629\/revisions"}],"predecessor-version":[{"id":5424,"href":"https:\/\/www.cityhungary.eu\/holnapvarosaertdij\/wp-json\/wp\/v2\/posts\/1629\/revisions\/5424"}],"wp:featuredmedia":[{"embeddable":true,"href":"https:\/\/www.cityhungary.eu\/holnapvarosaertdij\/wp-json\/wp\/v2\/media\/5404"}],"wp:attachment":[{"href":"https:\/\/www.cityhungary.eu\/holnapvarosaertdij\/wp-json\/wp\/v2\/media?parent=1629"}],"wp:term":[{"taxonomy":"category","embeddable":true,"href":"https:\/\/www.cityhungary.eu\/holnapvarosaertdij\/wp-json\/wp\/v2\/categories?post=1629"},{"taxonomy":"post_tag","embeddable":true,"href":"https:\/\/www.cityhungary.eu\/holnapvarosaertdij\/wp-json\/wp\/v2\/tags?post=1629"}],"curies":[{"name":"wp","href":"https:\/\/api.w.org\/{rel}","templated":true}]}}