{"id":5396,"date":"2014-06-20T10:50:04","date_gmt":"2014-06-20T10:50:04","guid":{"rendered":"http:\/\/www.cityhungary.eu\/holnapvarosaertdij\/?p=472"},"modified":"2014-06-20T10:50:04","modified_gmt":"2014-06-20T10:50:04","slug":"holnap-varosaert-dij-2013-dijatado","status":"publish","type":"post","link":"https:\/\/www.cityhungary.eu\/holnapvarosaertdij\/holnap-varosaert-dij-2013-dijatado\/","title":{"rendered":"Holnap v\u00e1ros\u00e1\u00e9rt D\u00edj 2013 D\u00edj\u00e1tad\u00f3"},"content":{"rendered":"<div id='gallery-1' class='gallery galleryid-5396 gallery-columns-3 gallery-size-thumbnail'><figure class='gallery-item'>\n\t\t\t<div class='gallery-icon landscape'>\n\t\t\t\t<a href='https:\/\/www.cityhungary.eu\/holnapvarosaertdij\/15302931164_7751bf3e82_z\/'><img decoding=\"async\" width=\"150\" height=\"150\" src=\"https:\/\/www.cityhungary.eu\/holnapvarosaertdij\/wp-content\/uploads\/2016\/05\/15302931164_7751bf3e82_z-150x150.jpg\" class=\"attachment-thumbnail size-thumbnail\" alt=\"CSR Hungary D\u00edj 2014 G\u00e1la \/ a nyertesek\" aria-describedby=\"gallery-1-473\" \/><\/a>\n\t\t\t<\/div>\n\t\t\t\t<figcaption class='wp-caption-text gallery-caption' id='gallery-1-473'>\n\t\t\t\tCSR Hungary D\u00edj 2014 G\u00e1la \/ a nyertesek\n\t\t\t\t<\/figcaption><\/figure><figure class='gallery-item'>\n\t\t\t<div class='gallery-icon landscape'>\n\t\t\t\t<a href='https:\/\/www.cityhungary.eu\/holnapvarosaertdij\/15923056512_58e0b71558_z\/'><img decoding=\"async\" width=\"150\" height=\"150\" src=\"https:\/\/www.cityhungary.eu\/holnapvarosaertdij\/wp-content\/uploads\/2016\/05\/15923056512_58e0b71558_z-150x150.jpg\" class=\"attachment-thumbnail size-thumbnail\" alt=\"CSR Hungary D\u00edj 2014\/a B\u00edr\u00e1l\u00f3 Bizotts\u00e1g\" aria-describedby=\"gallery-1-474\" \/><\/a>\n\t\t\t<\/div>\n\t\t\t\t<figcaption class='wp-caption-text gallery-caption' id='gallery-1-474'>\n\t\t\t\tCSR Hungary D\u00edj 2014\/a B\u00edr\u00e1l\u00f3 Bizotts\u00e1g\n\t\t\t\t<\/figcaption><\/figure><figure class='gallery-item'>\n\t\t\t<div class='gallery-icon landscape'>\n\t\t\t\t<a href='https:\/\/www.cityhungary.eu\/holnapvarosaertdij\/15738009040_b6056f8b11_z\/'><img decoding=\"async\" width=\"150\" height=\"150\" src=\"https:\/\/www.cityhungary.eu\/holnapvarosaertdij\/wp-content\/uploads\/2016\/05\/15738009040_b6056f8b11_z-150x150.jpg\" class=\"attachment-thumbnail size-thumbnail\" alt=\"CSR Hungary D\u00edj 2014 G\u00e1la\" aria-describedby=\"gallery-1-475\" \/><\/a>\n\t\t\t<\/div>\n\t\t\t\t<figcaption class='wp-caption-text gallery-caption' id='gallery-1-475'>\n\t\t\t\tCSR Hungary D\u00edj 2014 G\u00e1la\n\t\t\t\t<\/figcaption><\/figure>\n\t\t<\/div>\n\n","protected":false},"excerpt":{"rendered":"","protected":false},"author":3,"featured_media":0,"comment_status":"closed","ping_status":"closed","sticky":false,"template":"","format":"gallery","meta":{"footnotes":""},"categories":[17],"tags":[180,181],"class_list":["post-5396","post","type-post","status-publish","format-gallery","hentry","category-fotok","tag-fenntarthato-magyar-varosok","tag-holnap-varosaert-dij-2013-dijatado","post_format-post-format-gallery"],"yoast_head":"<!-- This site is optimized with the Yoast SEO Premium plugin v24.8 (Yoast SEO v24.9) - https:\/\/yoast.com\/wordpress\/plugins\/seo\/ -->\n<title>Holnap v\u00e1ros\u00e1\u00e9rt D\u00edj 2013 D\u00edj\u00e1tad\u00f3 &#8226; Holnap V\u00e1ros\u00e1\u00e9rt D\u00edj<\/title>\n<meta name=\"robots\" content=\"index, follow, max-snippet:-1, max-image-preview:large, max-video-preview:-1\" \/>\n<link rel=\"canonical\" href=\"https:\/\/www.cityhungary.eu\/holnapvarosaertdij\/holnap-varosaert-dij-2013-dijatado\/\" \/>\n<meta property=\"og:locale\" content=\"hu_HU\" \/>\n<meta property=\"og:type\" content=\"article\" \/>\n<meta property=\"og:title\" content=\"Holnap v\u00e1ros\u00e1\u00e9rt D\u00edj 2013 D\u00edj\u00e1tad\u00f3\" \/>\n<meta property=\"og:url\" content=\"https:\/\/www.cityhungary.eu\/holnapvarosaertdij\/holnap-varosaert-dij-2013-dijatado\/\" \/>\n<meta property=\"og:site_name\" content=\"Holnap V\u00e1ros\u00e1\u00e9rt D\u00edj\" \/>\n<meta property=\"article:published_time\" content=\"2014-06-20T10:50:04+00:00\" \/>\n<meta property=\"og:image\" content=\"https:\/\/www.cityhungary.eu\/holnapvarosaertdij\/wp-content\/uploads\/2016\/05\/15302931164_7751bf3e82_z-150x150.jpg\" \/>\n<meta name=\"author\" content=\"admin\" \/>\n<meta name=\"twitter:card\" content=\"summary_large_image\" \/>\n<meta name=\"twitter:label1\" content=\"Szerz\u0151:\" \/>\n\t<meta name=\"twitter:data1\" content=\"admin\" \/>\n<script type=\"application\/ld+json\" class=\"yoast-schema-graph\">{\"@context\":\"https:\/\/schema.org\",\"@graph\":[{\"@type\":\"Article\",\"@id\":\"https:\/\/www.cityhungary.eu\/holnapvarosaertdij\/holnap-varosaert-dij-2013-dijatado\/#article\",\"isPartOf\":{\"@id\":\"https:\/\/www.cityhungary.eu\/holnapvarosaertdij\/holnap-varosaert-dij-2013-dijatado\/\"},\"author\":{\"name\":\"admin\",\"@id\":\"https:\/\/www.cityhungary.eu\/holnapvarosaertdij\/#\/schema\/person\/f941ae49574cfce245e54052df4c568a\"},\"headline\":\"Holnap v\u00e1ros\u00e1\u00e9rt D\u00edj 2013 D\u00edj\u00e1tad\u00f3\",\"datePublished\":\"2014-06-20T10:50:04+00:00\",\"mainEntityOfPage\":{\"@id\":\"https:\/\/www.cityhungary.eu\/holnapvarosaertdij\/holnap-varosaert-dij-2013-dijatado\/\"},\"wordCount\":11,\"publisher\":{\"@id\":\"https:\/\/www.cityhungary.eu\/holnapvarosaertdij\/#organization\"},\"keywords\":[\"fenntarthat\u00f3 magyar v\u00e1rosok\",\"Holnap v\u00e1ros\u00e1\u00e9rt D\u00edj 2013 D\u00edj\u00e1tad\u00f3\"],\"articleSection\":[\"Fot\u00f3k\"],\"inLanguage\":\"hu\"},{\"@type\":\"WebPage\",\"@id\":\"https:\/\/www.cityhungary.eu\/holnapvarosaertdij\/holnap-varosaert-dij-2013-dijatado\/\",\"url\":\"https:\/\/www.cityhungary.eu\/holnapvarosaertdij\/holnap-varosaert-dij-2013-dijatado\/\",\"name\":\"Holnap v\u00e1ros\u00e1\u00e9rt D\u00edj 2013 D\u00edj\u00e1tad\u00f3 &#8226; Holnap V\u00e1ros\u00e1\u00e9rt D\u00edj\",\"isPartOf\":{\"@id\":\"https:\/\/www.cityhungary.eu\/holnapvarosaertdij\/#website\"},\"datePublished\":\"2014-06-20T10:50:04+00:00\",\"breadcrumb\":{\"@id\":\"https:\/\/www.cityhungary.eu\/holnapvarosaertdij\/holnap-varosaert-dij-2013-dijatado\/#breadcrumb\"},\"inLanguage\":\"hu\",\"potentialAction\":[{\"@type\":\"ReadAction\",\"target\":[\"https:\/\/www.cityhungary.eu\/holnapvarosaertdij\/holnap-varosaert-dij-2013-dijatado\/\"]}]},{\"@type\":\"BreadcrumbList\",\"@id\":\"https:\/\/www.cityhungary.eu\/holnapvarosaertdij\/holnap-varosaert-dij-2013-dijatado\/#breadcrumb\",\"itemListElement\":[{\"@type\":\"ListItem\",\"position\":1,\"name\":\"Kezd\u0151lap\",\"item\":\"https:\/\/www.cityhungary.eu\/holnapvarosaertdij\/\"},{\"@type\":\"ListItem\",\"position\":2,\"name\":\"Holnap v\u00e1ros\u00e1\u00e9rt D\u00edj 2013 D\u00edj\u00e1tad\u00f3\"}]},{\"@type\":\"WebSite\",\"@id\":\"https:\/\/www.cityhungary.eu\/holnapvarosaertdij\/#website\",\"url\":\"https:\/\/www.cityhungary.eu\/holnapvarosaertdij\/\",\"name\":\"Holnap V\u00e1ros\u00e1\u00e9rt D\u00edj\",\"description\":\"A fenntarthat\u00f3 \u00e9s \u00e9lhet\u0151 v\u00e1rosok\u00e9rt\",\"publisher\":{\"@id\":\"https:\/\/www.cityhungary.eu\/holnapvarosaertdij\/#organization\"},\"potentialAction\":[{\"@type\":\"SearchAction\",\"target\":{\"@type\":\"EntryPoint\",\"urlTemplate\":\"https:\/\/www.cityhungary.eu\/holnapvarosaertdij\/?s={search_term_string}\"},\"query-input\":{\"@type\":\"PropertyValueSpecification\",\"valueRequired\":true,\"valueName\":\"search_term_string\"}}],\"inLanguage\":\"hu\"},{\"@type\":\"Organization\",\"@id\":\"https:\/\/www.cityhungary.eu\/holnapvarosaertdij\/#organization\",\"name\":\"Holnap V\u00e1ros\u00e1\u00e9rt D\u00edj\",\"alternateName\":\"Holnap V\u00e1ros\u00e1\u00e9rt D\u00edj\",\"url\":\"https:\/\/www.cityhungary.eu\/holnapvarosaertdij\/\",\"logo\":{\"@type\":\"ImageObject\",\"inLanguage\":\"hu\",\"@id\":\"https:\/\/www.cityhungary.eu\/holnapvarosaertdij\/#\/schema\/logo\/image\/\",\"url\":\"https:\/\/www.cityhungary.eu\/holnapvarosaertdij\/wp-content\/uploads\/2024\/05\/holnap_varosaert_dij_logo.png\",\"contentUrl\":\"https:\/\/www.cityhungary.eu\/holnapvarosaertdij\/wp-content\/uploads\/2024\/05\/holnap_varosaert_dij_logo.png\",\"width\":2000,\"height\":772,\"caption\":\"Holnap V\u00e1ros\u00e1\u00e9rt D\u00edj\"},\"image\":{\"@id\":\"https:\/\/www.cityhungary.eu\/holnapvarosaertdij\/#\/schema\/logo\/image\/\"}},{\"@type\":\"Person\",\"@id\":\"https:\/\/www.cityhungary.eu\/holnapvarosaertdij\/#\/schema\/person\/f941ae49574cfce245e54052df4c568a\",\"name\":\"admin\",\"image\":{\"@type\":\"ImageObject\",\"inLanguage\":\"hu\",\"@id\":\"https:\/\/www.cityhungary.eu\/holnapvarosaertdij\/#\/schema\/person\/image\/\",\"url\":\"https:\/\/secure.gravatar.com\/avatar\/695cd20ee5957c6777facc32078fa85cb7cdffedb5d2de1468632b484040f677?s=96&d=mm&r=g\",\"contentUrl\":\"https:\/\/secure.gravatar.com\/avatar\/695cd20ee5957c6777facc32078fa85cb7cdffedb5d2de1468632b484040f677?s=96&d=mm&r=g\",\"caption\":\"admin\"},\"sameAs\":[\"https:\/\/www.cityhungary.eu\/holnapvarosaertdij\"],\"url\":\"https:\/\/www.cityhungary.eu\/holnapvarosaertdij\/author\/dellartstudio\/\"}]}<\/script>\n<!-- \/ Yoast SEO Premium plugin. -->","yoast_head_json":{"title":"Holnap v\u00e1ros\u00e1\u00e9rt D\u00edj 2013 D\u00edj\u00e1tad\u00f3 &#8226; Holnap V\u00e1ros\u00e1\u00e9rt D\u00edj","robots":{"index":"index","follow":"follow","max-snippet":"max-snippet:-1","max-image-preview":"max-image-preview:large","max-video-preview":"max-video-preview:-1"},"canonical":"https:\/\/www.cityhungary.eu\/holnapvarosaertdij\/holnap-varosaert-dij-2013-dijatado\/","og_locale":"hu_HU","og_type":"article","og_title":"Holnap v\u00e1ros\u00e1\u00e9rt D\u00edj 2013 D\u00edj\u00e1tad\u00f3","og_url":"https:\/\/www.cityhungary.eu\/holnapvarosaertdij\/holnap-varosaert-dij-2013-dijatado\/","og_site_name":"Holnap V\u00e1ros\u00e1\u00e9rt D\u00edj","article_published_time":"2014-06-20T10:50:04+00:00","og_image":[{"url":"https:\/\/www.cityhungary.eu\/holnapvarosaertdij\/wp-content\/uploads\/2016\/05\/15302931164_7751bf3e82_z-150x150.jpg","type":"","width":"","height":""}],"author":"admin","twitter_card":"summary_large_image","twitter_misc":{"Szerz\u0151:":"admin"},"schema":{"@context":"https:\/\/schema.org","@graph":[{"@type":"Article","@id":"https:\/\/www.cityhungary.eu\/holnapvarosaertdij\/holnap-varosaert-dij-2013-dijatado\/#article","isPartOf":{"@id":"https:\/\/www.cityhungary.eu\/holnapvarosaertdij\/holnap-varosaert-dij-2013-dijatado\/"},"author":{"name":"admin","@id":"https:\/\/www.cityhungary.eu\/holnapvarosaertdij\/#\/schema\/person\/f941ae49574cfce245e54052df4c568a"},"headline":"Holnap v\u00e1ros\u00e1\u00e9rt D\u00edj 2013 D\u00edj\u00e1tad\u00f3","datePublished":"2014-06-20T10:50:04+00:00","mainEntityOfPage":{"@id":"https:\/\/www.cityhungary.eu\/holnapvarosaertdij\/holnap-varosaert-dij-2013-dijatado\/"},"wordCount":11,"publisher":{"@id":"https:\/\/www.cityhungary.eu\/holnapvarosaertdij\/#organization"},"keywords":["fenntarthat\u00f3 magyar v\u00e1rosok","Holnap v\u00e1ros\u00e1\u00e9rt D\u00edj 2013 D\u00edj\u00e1tad\u00f3"],"articleSection":["Fot\u00f3k"],"inLanguage":"hu"},{"@type":"WebPage","@id":"https:\/\/www.cityhungary.eu\/holnapvarosaertdij\/holnap-varosaert-dij-2013-dijatado\/","url":"https:\/\/www.cityhungary.eu\/holnapvarosaertdij\/holnap-varosaert-dij-2013-dijatado\/","name":"Holnap v\u00e1ros\u00e1\u00e9rt D\u00edj 2013 D\u00edj\u00e1tad\u00f3 &#8226; Holnap V\u00e1ros\u00e1\u00e9rt D\u00edj","isPartOf":{"@id":"https:\/\/www.cityhungary.eu\/holnapvarosaertdij\/#website"},"datePublished":"2014-06-20T10:50:04+00:00","breadcrumb":{"@id":"https:\/\/www.cityhungary.eu\/holnapvarosaertdij\/holnap-varosaert-dij-2013-dijatado\/#breadcrumb"},"inLanguage":"hu","potentialAction":[{"@type":"ReadAction","target":["https:\/\/www.cityhungary.eu\/holnapvarosaertdij\/holnap-varosaert-dij-2013-dijatado\/"]}]},{"@type":"BreadcrumbList","@id":"https:\/\/www.cityhungary.eu\/holnapvarosaertdij\/holnap-varosaert-dij-2013-dijatado\/#breadcrumb","itemListElement":[{"@type":"ListItem","position":1,"name":"Kezd\u0151lap","item":"https:\/\/www.cityhungary.eu\/holnapvarosaertdij\/"},{"@type":"ListItem","position":2,"name":"Holnap v\u00e1ros\u00e1\u00e9rt D\u00edj 2013 D\u00edj\u00e1tad\u00f3"}]},{"@type":"WebSite","@id":"https:\/\/www.cityhungary.eu\/holnapvarosaertdij\/#website","url":"https:\/\/www.cityhungary.eu\/holnapvarosaertdij\/","name":"Holnap V\u00e1ros\u00e1\u00e9rt D\u00edj","description":"A fenntarthat\u00f3 \u00e9s \u00e9lhet\u0151 v\u00e1rosok\u00e9rt","publisher":{"@id":"https:\/\/www.cityhungary.eu\/holnapvarosaertdij\/#organization"},"potentialAction":[{"@type":"SearchAction","target":{"@type":"EntryPoint","urlTemplate":"https:\/\/www.cityhungary.eu\/holnapvarosaertdij\/?s={search_term_string}"},"query-input":{"@type":"PropertyValueSpecification","valueRequired":true,"valueName":"search_term_string"}}],"inLanguage":"hu"},{"@type":"Organization","@id":"https:\/\/www.cityhungary.eu\/holnapvarosaertdij\/#organization","name":"Holnap V\u00e1ros\u00e1\u00e9rt D\u00edj","alternateName":"Holnap V\u00e1ros\u00e1\u00e9rt D\u00edj","url":"https:\/\/www.cityhungary.eu\/holnapvarosaertdij\/","logo":{"@type":"ImageObject","inLanguage":"hu","@id":"https:\/\/www.cityhungary.eu\/holnapvarosaertdij\/#\/schema\/logo\/image\/","url":"https:\/\/www.cityhungary.eu\/holnapvarosaertdij\/wp-content\/uploads\/2024\/05\/holnap_varosaert_dij_logo.png","contentUrl":"https:\/\/www.cityhungary.eu\/holnapvarosaertdij\/wp-content\/uploads\/2024\/05\/holnap_varosaert_dij_logo.png","width":2000,"height":772,"caption":"Holnap V\u00e1ros\u00e1\u00e9rt D\u00edj"},"image":{"@id":"https:\/\/www.cityhungary.eu\/holnapvarosaertdij\/#\/schema\/logo\/image\/"}},{"@type":"Person","@id":"https:\/\/www.cityhungary.eu\/holnapvarosaertdij\/#\/schema\/person\/f941ae49574cfce245e54052df4c568a","name":"admin","image":{"@type":"ImageObject","inLanguage":"hu","@id":"https:\/\/www.cityhungary.eu\/holnapvarosaertdij\/#\/schema\/person\/image\/","url":"https:\/\/secure.gravatar.com\/avatar\/695cd20ee5957c6777facc32078fa85cb7cdffedb5d2de1468632b484040f677?s=96&d=mm&r=g","contentUrl":"https:\/\/secure.gravatar.com\/avatar\/695cd20ee5957c6777facc32078fa85cb7cdffedb5d2de1468632b484040f677?s=96&d=mm&r=g","caption":"admin"},"sameAs":["https:\/\/www.cityhungary.eu\/holnapvarosaertdij"],"url":"https:\/\/www.cityhungary.eu\/holnapvarosaertdij\/author\/dellartstudio\/"}]}},"_links":{"self":[{"href":"https:\/\/www.cityhungary.eu\/holnapvarosaertdij\/wp-json\/wp\/v2\/posts\/5396","targetHints":{"allow":["GET"]}}],"collection":[{"href":"https:\/\/www.cityhungary.eu\/holnapvarosaertdij\/wp-json\/wp\/v2\/posts"}],"about":[{"href":"https:\/\/www.cityhungary.eu\/holnapvarosaertdij\/wp-json\/wp\/v2\/types\/post"}],"author":[{"embeddable":true,"href":"https:\/\/www.cityhungary.eu\/holnapvarosaertdij\/wp-json\/wp\/v2\/users\/3"}],"replies":[{"embeddable":true,"href":"https:\/\/www.cityhungary.eu\/holnapvarosaertdij\/wp-json\/wp\/v2\/comments?post=5396"}],"version-history":[{"count":0,"href":"https:\/\/www.cityhungary.eu\/holnapvarosaertdij\/wp-json\/wp\/v2\/posts\/5396\/revisions"}],"wp:attachment":[{"href":"https:\/\/www.cityhungary.eu\/holnapvarosaertdij\/wp-json\/wp\/v2\/media?parent=5396"}],"wp:term":[{"taxonomy":"category","embeddable":true,"href":"https:\/\/www.cityhungary.eu\/holnapvarosaertdij\/wp-json\/wp\/v2\/categories?post=5396"},{"taxonomy":"post_tag","embeddable":true,"href":"https:\/\/www.cityhungary.eu\/holnapvarosaertdij\/wp-json\/wp\/v2\/tags?post=5396"}],"curies":[{"name":"wp","href":"https:\/\/api.w.org\/{rel}","templated":true}]}}