{"id":5400,"date":"2019-09-22T16:58:45","date_gmt":"2019-09-22T16:58:45","guid":{"rendered":"https:\/\/www.cityhungary.eu\/holnapvarosaertdij\/?p=1351"},"modified":"2019-09-22T16:58:45","modified_gmt":"2019-09-22T16:58:45","slug":"holnap-varosaert-dij-2019-ben-is","status":"publish","type":"post","link":"https:\/\/www.cityhungary.eu\/holnapvarosaertdij\/holnap-varosaert-dij-2019-ben-is\/","title":{"rendered":"Holnap v\u00e1ros\u00e1\u00e9rt D\u00edj 2019-ben is!"},"content":{"rendered":"<p><strong>2019. szeptember 23-t\u00f3l \u00fajra lehet p\u00e1ly\u00e1zni a Holnap v\u00e1ros\u00e1\u00e9rt D\u00edj 2 \u00e9ves v\u00e9djegyhaszn\u00e1lat\u00e1ra. Regisztr\u00e1ci\u00f3s hat\u00e1rid\u0151: 2019.december 15 (24.00 \u00f3ra)<\/strong><\/p>\n<p><!--more--><\/p>\n<p>A Nemzeti Fenntarthat\u00f3 V\u00e1rosd\u00edj <strong>f\u0151v\u00e9dn\u00f6ke 2019-ben is dr. R\u00e9thelyi Mikl\u00f3s, a Magyar UNESCO Nemzeti Bizotts\u00e1g eln\u00f6ke.<\/strong><\/p>\n<p>A\u00a0Holnap v\u00e1ros\u00e1\u00e9rt D\u00edj <strong>a helyi k\u00f6z\u00f6ss\u00e9gek, helyi emberek k\u00f6vetend\u0151 p\u00e9ld\u00e1ira<\/strong>\u00a0h\u00edvja fel a figyelmet.\u00a0Elk\u00f6telezett a <strong>v\u00e1rosi j\u00f3l\u00e9t<\/strong> ir\u00e1nt.<\/p>\n<p>A D\u00edj \u00f6szt\u00f6nz\u0151 a jobbra, \u00a0<strong>modernebbre,\u00a0fenntarthat\u00f3bbra, \u00e9lhet\u0151bb k\u00f6rnyezetre<\/strong> t\u00f6rekv\u0151,<strong> magasabb \u00e9letmin\u0151s\u00e9get\u00a0t\u00e1mogat\u00f3<\/strong> v\u00e1llalkoz\u00e1sok, int\u00e9zm\u00e9nyek, szervezetek, helyi k\u00f6z\u00f6ss\u00e9gek sz\u00e1m\u00e1ra.<br \/>\nSaj\u00e1t t\u00f6rt\u00e9net\u00fckkel m\u00e1sokat is inspir\u00e1lva.<\/p>\n","protected":false},"excerpt":{"rendered":"<p>2019. szeptember 23-t\u00f3l \u00fajra lehet p\u00e1ly\u00e1zni a Holnap v\u00e1ros\u00e1\u00e9rt D\u00edj 2 \u00e9ves v\u00e9djegyhaszn\u00e1lat\u00e1ra. Regisztr\u00e1ci\u00f3s hat\u00e1rid\u0151: 2019.december 15 (24.00 \u00f3ra)<\/p>\n","protected":false},"author":3,"featured_media":1288,"comment_status":"closed","ping_status":"closed","sticky":false,"template":"","format":"standard","meta":{"footnotes":""},"categories":[3],"tags":[205,165,206,174,207],"class_list":["post-5400","post","type-post","status-publish","format-standard","has-post-thumbnail","hentry","category-hirek","tag-eletminoseg","tag-fenntarthato-varos","tag-holnap-varosaert-dij-2019","tag-nemezeti-fenntarthato-varosdij","tag-varosi-jolet"],"yoast_head":"<!-- This site is optimized with the Yoast SEO Premium plugin v24.8 (Yoast SEO v24.9) - https:\/\/yoast.com\/wordpress\/plugins\/seo\/ -->\n<title>Holnap v\u00e1ros\u00e1\u00e9rt D\u00edj 2019-ben is! &#8226; Holnap V\u00e1ros\u00e1\u00e9rt D\u00edj<\/title>\n<meta name=\"robots\" content=\"index, follow, max-snippet:-1, max-image-preview:large, max-video-preview:-1\" \/>\n<link rel=\"canonical\" href=\"https:\/\/www.cityhungary.eu\/holnapvarosaertdij\/holnap-varosaert-dij-2019-ben-is\/\" \/>\n<meta property=\"og:locale\" content=\"hu_HU\" \/>\n<meta property=\"og:type\" content=\"article\" \/>\n<meta property=\"og:title\" content=\"Holnap v\u00e1ros\u00e1\u00e9rt D\u00edj 2019-ben is!\" \/>\n<meta property=\"og:description\" content=\"2019. szeptember 23-t\u00f3l \u00fajra lehet p\u00e1ly\u00e1zni a Holnap v\u00e1ros\u00e1\u00e9rt D\u00edj 2 \u00e9ves v\u00e9djegyhaszn\u00e1lat\u00e1ra. Regisztr\u00e1ci\u00f3s hat\u00e1rid\u0151: 2019.december 15 (24.00 \u00f3ra)\" \/>\n<meta property=\"og:url\" content=\"https:\/\/www.cityhungary.eu\/holnapvarosaertdij\/holnap-varosaert-dij-2019-ben-is\/\" \/>\n<meta property=\"og:site_name\" content=\"Holnap V\u00e1ros\u00e1\u00e9rt D\u00edj\" \/>\n<meta property=\"article:published_time\" content=\"2019-09-22T16:58:45+00:00\" \/>\n<meta name=\"author\" content=\"admin\" \/>\n<meta name=\"twitter:card\" content=\"summary_large_image\" \/>\n<meta name=\"twitter:label1\" content=\"Szerz\u0151:\" \/>\n\t<meta name=\"twitter:data1\" content=\"admin\" \/>\n\t<meta name=\"twitter:label2\" content=\"Becs\u00fclt olvas\u00e1si id\u0151\" \/>\n\t<meta name=\"twitter:data2\" content=\"1 perc\" \/>\n<script type=\"application\/ld+json\" class=\"yoast-schema-graph\">{\"@context\":\"https:\/\/schema.org\",\"@graph\":[{\"@type\":\"Article\",\"@id\":\"https:\/\/www.cityhungary.eu\/holnapvarosaertdij\/holnap-varosaert-dij-2019-ben-is\/#article\",\"isPartOf\":{\"@id\":\"https:\/\/www.cityhungary.eu\/holnapvarosaertdij\/holnap-varosaert-dij-2019-ben-is\/\"},\"author\":{\"name\":\"admin\",\"@id\":\"https:\/\/www.cityhungary.eu\/holnapvarosaertdij\/#\/schema\/person\/f941ae49574cfce245e54052df4c568a\"},\"headline\":\"Holnap v\u00e1ros\u00e1\u00e9rt D\u00edj 2019-ben is!\",\"datePublished\":\"2019-09-22T16:58:45+00:00\",\"mainEntityOfPage\":{\"@id\":\"https:\/\/www.cityhungary.eu\/holnapvarosaertdij\/holnap-varosaert-dij-2019-ben-is\/\"},\"wordCount\":143,\"publisher\":{\"@id\":\"https:\/\/www.cityhungary.eu\/holnapvarosaertdij\/#organization\"},\"image\":{\"@id\":\"https:\/\/www.cityhungary.eu\/holnapvarosaertdij\/holnap-varosaert-dij-2019-ben-is\/#primaryimage\"},\"thumbnailUrl\":\"\",\"keywords\":[\"\u00e9letmin\u0151s\u00e9g\",\"fenntarthat\u00f3 v\u00e1ros\",\"Holnap v\u00e1ros\u00e1\u00e9rt D\u00edj 2019\",\"nemezeti fenntarthat\u00f3 v\u00e1rosd\u00edj\",\"v\u00e1rosi j\u00f3l\u00e9t\"],\"articleSection\":[\"H\u00edrek\"],\"inLanguage\":\"hu\"},{\"@type\":\"WebPage\",\"@id\":\"https:\/\/www.cityhungary.eu\/holnapvarosaertdij\/holnap-varosaert-dij-2019-ben-is\/\",\"url\":\"https:\/\/www.cityhungary.eu\/holnapvarosaertdij\/holnap-varosaert-dij-2019-ben-is\/\",\"name\":\"Holnap v\u00e1ros\u00e1\u00e9rt D\u00edj 2019-ben is! &#8226; Holnap V\u00e1ros\u00e1\u00e9rt D\u00edj\",\"isPartOf\":{\"@id\":\"https:\/\/www.cityhungary.eu\/holnapvarosaertdij\/#website\"},\"primaryImageOfPage\":{\"@id\":\"https:\/\/www.cityhungary.eu\/holnapvarosaertdij\/holnap-varosaert-dij-2019-ben-is\/#primaryimage\"},\"image\":{\"@id\":\"https:\/\/www.cityhungary.eu\/holnapvarosaertdij\/holnap-varosaert-dij-2019-ben-is\/#primaryimage\"},\"thumbnailUrl\":\"\",\"datePublished\":\"2019-09-22T16:58:45+00:00\",\"breadcrumb\":{\"@id\":\"https:\/\/www.cityhungary.eu\/holnapvarosaertdij\/holnap-varosaert-dij-2019-ben-is\/#breadcrumb\"},\"inLanguage\":\"hu\",\"potentialAction\":[{\"@type\":\"ReadAction\",\"target\":[\"https:\/\/www.cityhungary.eu\/holnapvarosaertdij\/holnap-varosaert-dij-2019-ben-is\/\"]}]},{\"@type\":\"ImageObject\",\"inLanguage\":\"hu\",\"@id\":\"https:\/\/www.cityhungary.eu\/holnapvarosaertdij\/holnap-varosaert-dij-2019-ben-is\/#primaryimage\",\"url\":\"\",\"contentUrl\":\"\"},{\"@type\":\"BreadcrumbList\",\"@id\":\"https:\/\/www.cityhungary.eu\/holnapvarosaertdij\/holnap-varosaert-dij-2019-ben-is\/#breadcrumb\",\"itemListElement\":[{\"@type\":\"ListItem\",\"position\":1,\"name\":\"Kezd\u0151lap\",\"item\":\"https:\/\/www.cityhungary.eu\/holnapvarosaertdij\/\"},{\"@type\":\"ListItem\",\"position\":2,\"name\":\"Holnap v\u00e1ros\u00e1\u00e9rt D\u00edj 2019-ben is!\"}]},{\"@type\":\"WebSite\",\"@id\":\"https:\/\/www.cityhungary.eu\/holnapvarosaertdij\/#website\",\"url\":\"https:\/\/www.cityhungary.eu\/holnapvarosaertdij\/\",\"name\":\"Holnap V\u00e1ros\u00e1\u00e9rt D\u00edj\",\"description\":\"A fenntarthat\u00f3 \u00e9s \u00e9lhet\u0151 v\u00e1rosok\u00e9rt\",\"publisher\":{\"@id\":\"https:\/\/www.cityhungary.eu\/holnapvarosaertdij\/#organization\"},\"potentialAction\":[{\"@type\":\"SearchAction\",\"target\":{\"@type\":\"EntryPoint\",\"urlTemplate\":\"https:\/\/www.cityhungary.eu\/holnapvarosaertdij\/?s={search_term_string}\"},\"query-input\":{\"@type\":\"PropertyValueSpecification\",\"valueRequired\":true,\"valueName\":\"search_term_string\"}}],\"inLanguage\":\"hu\"},{\"@type\":\"Organization\",\"@id\":\"https:\/\/www.cityhungary.eu\/holnapvarosaertdij\/#organization\",\"name\":\"Holnap V\u00e1ros\u00e1\u00e9rt D\u00edj\",\"alternateName\":\"Holnap V\u00e1ros\u00e1\u00e9rt D\u00edj\",\"url\":\"https:\/\/www.cityhungary.eu\/holnapvarosaertdij\/\",\"logo\":{\"@type\":\"ImageObject\",\"inLanguage\":\"hu\",\"@id\":\"https:\/\/www.cityhungary.eu\/holnapvarosaertdij\/#\/schema\/logo\/image\/\",\"url\":\"https:\/\/www.cityhungary.eu\/holnapvarosaertdij\/wp-content\/uploads\/2024\/05\/holnap_varosaert_dij_logo.png\",\"contentUrl\":\"https:\/\/www.cityhungary.eu\/holnapvarosaertdij\/wp-content\/uploads\/2024\/05\/holnap_varosaert_dij_logo.png\",\"width\":2000,\"height\":772,\"caption\":\"Holnap V\u00e1ros\u00e1\u00e9rt D\u00edj\"},\"image\":{\"@id\":\"https:\/\/www.cityhungary.eu\/holnapvarosaertdij\/#\/schema\/logo\/image\/\"}},{\"@type\":\"Person\",\"@id\":\"https:\/\/www.cityhungary.eu\/holnapvarosaertdij\/#\/schema\/person\/f941ae49574cfce245e54052df4c568a\",\"name\":\"admin\",\"image\":{\"@type\":\"ImageObject\",\"inLanguage\":\"hu\",\"@id\":\"https:\/\/www.cityhungary.eu\/holnapvarosaertdij\/#\/schema\/person\/image\/\",\"url\":\"https:\/\/secure.gravatar.com\/avatar\/695cd20ee5957c6777facc32078fa85cb7cdffedb5d2de1468632b484040f677?s=96&d=mm&r=g\",\"contentUrl\":\"https:\/\/secure.gravatar.com\/avatar\/695cd20ee5957c6777facc32078fa85cb7cdffedb5d2de1468632b484040f677?s=96&d=mm&r=g\",\"caption\":\"admin\"},\"sameAs\":[\"https:\/\/www.cityhungary.eu\/holnapvarosaertdij\"],\"url\":\"https:\/\/www.cityhungary.eu\/holnapvarosaertdij\/author\/dellartstudio\/\"}]}<\/script>\n<!-- \/ Yoast SEO Premium plugin. -->","yoast_head_json":{"title":"Holnap v\u00e1ros\u00e1\u00e9rt D\u00edj 2019-ben is! &#8226; Holnap V\u00e1ros\u00e1\u00e9rt D\u00edj","robots":{"index":"index","follow":"follow","max-snippet":"max-snippet:-1","max-image-preview":"max-image-preview:large","max-video-preview":"max-video-preview:-1"},"canonical":"https:\/\/www.cityhungary.eu\/holnapvarosaertdij\/holnap-varosaert-dij-2019-ben-is\/","og_locale":"hu_HU","og_type":"article","og_title":"Holnap v\u00e1ros\u00e1\u00e9rt D\u00edj 2019-ben is!","og_description":"2019. szeptember 23-t\u00f3l \u00fajra lehet p\u00e1ly\u00e1zni a Holnap v\u00e1ros\u00e1\u00e9rt D\u00edj 2 \u00e9ves v\u00e9djegyhaszn\u00e1lat\u00e1ra. Regisztr\u00e1ci\u00f3s hat\u00e1rid\u0151: 2019.december 15 (24.00 \u00f3ra)","og_url":"https:\/\/www.cityhungary.eu\/holnapvarosaertdij\/holnap-varosaert-dij-2019-ben-is\/","og_site_name":"Holnap V\u00e1ros\u00e1\u00e9rt D\u00edj","article_published_time":"2019-09-22T16:58:45+00:00","author":"admin","twitter_card":"summary_large_image","twitter_misc":{"Szerz\u0151:":"admin","Becs\u00fclt olvas\u00e1si id\u0151":"1 perc"},"schema":{"@context":"https:\/\/schema.org","@graph":[{"@type":"Article","@id":"https:\/\/www.cityhungary.eu\/holnapvarosaertdij\/holnap-varosaert-dij-2019-ben-is\/#article","isPartOf":{"@id":"https:\/\/www.cityhungary.eu\/holnapvarosaertdij\/holnap-varosaert-dij-2019-ben-is\/"},"author":{"name":"admin","@id":"https:\/\/www.cityhungary.eu\/holnapvarosaertdij\/#\/schema\/person\/f941ae49574cfce245e54052df4c568a"},"headline":"Holnap v\u00e1ros\u00e1\u00e9rt D\u00edj 2019-ben is!","datePublished":"2019-09-22T16:58:45+00:00","mainEntityOfPage":{"@id":"https:\/\/www.cityhungary.eu\/holnapvarosaertdij\/holnap-varosaert-dij-2019-ben-is\/"},"wordCount":143,"publisher":{"@id":"https:\/\/www.cityhungary.eu\/holnapvarosaertdij\/#organization"},"image":{"@id":"https:\/\/www.cityhungary.eu\/holnapvarosaertdij\/holnap-varosaert-dij-2019-ben-is\/#primaryimage"},"thumbnailUrl":"","keywords":["\u00e9letmin\u0151s\u00e9g","fenntarthat\u00f3 v\u00e1ros","Holnap v\u00e1ros\u00e1\u00e9rt D\u00edj 2019","nemezeti fenntarthat\u00f3 v\u00e1rosd\u00edj","v\u00e1rosi j\u00f3l\u00e9t"],"articleSection":["H\u00edrek"],"inLanguage":"hu"},{"@type":"WebPage","@id":"https:\/\/www.cityhungary.eu\/holnapvarosaertdij\/holnap-varosaert-dij-2019-ben-is\/","url":"https:\/\/www.cityhungary.eu\/holnapvarosaertdij\/holnap-varosaert-dij-2019-ben-is\/","name":"Holnap v\u00e1ros\u00e1\u00e9rt D\u00edj 2019-ben is! &#8226; Holnap V\u00e1ros\u00e1\u00e9rt D\u00edj","isPartOf":{"@id":"https:\/\/www.cityhungary.eu\/holnapvarosaertdij\/#website"},"primaryImageOfPage":{"@id":"https:\/\/www.cityhungary.eu\/holnapvarosaertdij\/holnap-varosaert-dij-2019-ben-is\/#primaryimage"},"image":{"@id":"https:\/\/www.cityhungary.eu\/holnapvarosaertdij\/holnap-varosaert-dij-2019-ben-is\/#primaryimage"},"thumbnailUrl":"","datePublished":"2019-09-22T16:58:45+00:00","breadcrumb":{"@id":"https:\/\/www.cityhungary.eu\/holnapvarosaertdij\/holnap-varosaert-dij-2019-ben-is\/#breadcrumb"},"inLanguage":"hu","potentialAction":[{"@type":"ReadAction","target":["https:\/\/www.cityhungary.eu\/holnapvarosaertdij\/holnap-varosaert-dij-2019-ben-is\/"]}]},{"@type":"ImageObject","inLanguage":"hu","@id":"https:\/\/www.cityhungary.eu\/holnapvarosaertdij\/holnap-varosaert-dij-2019-ben-is\/#primaryimage","url":"","contentUrl":""},{"@type":"BreadcrumbList","@id":"https:\/\/www.cityhungary.eu\/holnapvarosaertdij\/holnap-varosaert-dij-2019-ben-is\/#breadcrumb","itemListElement":[{"@type":"ListItem","position":1,"name":"Kezd\u0151lap","item":"https:\/\/www.cityhungary.eu\/holnapvarosaertdij\/"},{"@type":"ListItem","position":2,"name":"Holnap v\u00e1ros\u00e1\u00e9rt D\u00edj 2019-ben is!"}]},{"@type":"WebSite","@id":"https:\/\/www.cityhungary.eu\/holnapvarosaertdij\/#website","url":"https:\/\/www.cityhungary.eu\/holnapvarosaertdij\/","name":"Holnap V\u00e1ros\u00e1\u00e9rt D\u00edj","description":"A fenntarthat\u00f3 \u00e9s \u00e9lhet\u0151 v\u00e1rosok\u00e9rt","publisher":{"@id":"https:\/\/www.cityhungary.eu\/holnapvarosaertdij\/#organization"},"potentialAction":[{"@type":"SearchAction","target":{"@type":"EntryPoint","urlTemplate":"https:\/\/www.cityhungary.eu\/holnapvarosaertdij\/?s={search_term_string}"},"query-input":{"@type":"PropertyValueSpecification","valueRequired":true,"valueName":"search_term_string"}}],"inLanguage":"hu"},{"@type":"Organization","@id":"https:\/\/www.cityhungary.eu\/holnapvarosaertdij\/#organization","name":"Holnap V\u00e1ros\u00e1\u00e9rt D\u00edj","alternateName":"Holnap V\u00e1ros\u00e1\u00e9rt D\u00edj","url":"https:\/\/www.cityhungary.eu\/holnapvarosaertdij\/","logo":{"@type":"ImageObject","inLanguage":"hu","@id":"https:\/\/www.cityhungary.eu\/holnapvarosaertdij\/#\/schema\/logo\/image\/","url":"https:\/\/www.cityhungary.eu\/holnapvarosaertdij\/wp-content\/uploads\/2024\/05\/holnap_varosaert_dij_logo.png","contentUrl":"https:\/\/www.cityhungary.eu\/holnapvarosaertdij\/wp-content\/uploads\/2024\/05\/holnap_varosaert_dij_logo.png","width":2000,"height":772,"caption":"Holnap V\u00e1ros\u00e1\u00e9rt D\u00edj"},"image":{"@id":"https:\/\/www.cityhungary.eu\/holnapvarosaertdij\/#\/schema\/logo\/image\/"}},{"@type":"Person","@id":"https:\/\/www.cityhungary.eu\/holnapvarosaertdij\/#\/schema\/person\/f941ae49574cfce245e54052df4c568a","name":"admin","image":{"@type":"ImageObject","inLanguage":"hu","@id":"https:\/\/www.cityhungary.eu\/holnapvarosaertdij\/#\/schema\/person\/image\/","url":"https:\/\/secure.gravatar.com\/avatar\/695cd20ee5957c6777facc32078fa85cb7cdffedb5d2de1468632b484040f677?s=96&d=mm&r=g","contentUrl":"https:\/\/secure.gravatar.com\/avatar\/695cd20ee5957c6777facc32078fa85cb7cdffedb5d2de1468632b484040f677?s=96&d=mm&r=g","caption":"admin"},"sameAs":["https:\/\/www.cityhungary.eu\/holnapvarosaertdij"],"url":"https:\/\/www.cityhungary.eu\/holnapvarosaertdij\/author\/dellartstudio\/"}]}},"_links":{"self":[{"href":"https:\/\/www.cityhungary.eu\/holnapvarosaertdij\/wp-json\/wp\/v2\/posts\/5400","targetHints":{"allow":["GET"]}}],"collection":[{"href":"https:\/\/www.cityhungary.eu\/holnapvarosaertdij\/wp-json\/wp\/v2\/posts"}],"about":[{"href":"https:\/\/www.cityhungary.eu\/holnapvarosaertdij\/wp-json\/wp\/v2\/types\/post"}],"author":[{"embeddable":true,"href":"https:\/\/www.cityhungary.eu\/holnapvarosaertdij\/wp-json\/wp\/v2\/users\/3"}],"replies":[{"embeddable":true,"href":"https:\/\/www.cityhungary.eu\/holnapvarosaertdij\/wp-json\/wp\/v2\/comments?post=5400"}],"version-history":[{"count":0,"href":"https:\/\/www.cityhungary.eu\/holnapvarosaertdij\/wp-json\/wp\/v2\/posts\/5400\/revisions"}],"wp:featuredmedia":[{"embeddable":true,"href":"https:\/\/www.cityhungary.eu\/holnapvarosaertdij\/wp-json\/"}],"wp:attachment":[{"href":"https:\/\/www.cityhungary.eu\/holnapvarosaertdij\/wp-json\/wp\/v2\/media?parent=5400"}],"wp:term":[{"taxonomy":"category","embeddable":true,"href":"https:\/\/www.cityhungary.eu\/holnapvarosaertdij\/wp-json\/wp\/v2\/categories?post=5400"},{"taxonomy":"post_tag","embeddable":true,"href":"https:\/\/www.cityhungary.eu\/holnapvarosaertdij\/wp-json\/wp\/v2\/tags?post=5400"}],"curies":[{"name":"wp","href":"https:\/\/api.w.org\/{rel}","templated":true}]}}