{"id":5401,"date":"2022-06-17T16:22:16","date_gmt":"2022-06-17T16:22:16","guid":{"rendered":"https:\/\/www.cityhungary.eu\/holnapvarosaertdij\/?p=1444"},"modified":"2026-01-28T16:13:49","modified_gmt":"2026-01-28T16:13:49","slug":"ujra-holnap-varosaert-dij","status":"publish","type":"post","link":"https:\/\/www.cityhungary.eu\/holnapvarosaertdij\/ujra-holnap-varosaert-dij\/","title":{"rendered":"\u00dajra! Holnap v\u00e1ros\u00e1\u00e9rt D\u00edj"},"content":{"rendered":"\r\n<p class=\"has-drop-cap\">A j\u00e1rv\u00e1ny miatti 2 \u00e9v kihagy\u00e1s ut\u00e1n \u00fajra meghirdetj\u00fck a Holnap v\u00e1ros\u00e1\u00e9rt D\u00edjat.<\/p>\r\n\r\n\r\n\r\n<p>A City Hungary \u00e1ltal meghirdetend\u0151 D\u00edj \u00f6szt\u00f6nz\u0151 a jobbra, modernebbre, fenntarthat\u00f3bbra, \u00e9lhet\u0151bb k\u00f6rnyezetre t\u00f6rekv\u0151, magasabb \u00e9letmin\u0151s\u00e9get t\u00e1mogat\u00f3 v\u00e1llalkoz\u00e1sok, int\u00e9zm\u00e9nyek, szervezetek, helyi k\u00f6z\u00f6ss\u00e9gek sz\u00e1m\u00e1ra. A<strong> Holnap v\u00e1ros\u00e1\u00e9rt D\u00edj<\/strong> a helyi k\u00f6z\u00f6ss\u00e9gek, a helyi emberek k\u00f6vetend\u0151 p\u00e9ld\u00e1ira h\u00edvja fel a figyelmet.<\/p>\r\n\r\n\r\n\r\n<p>Elk\u00f6telezett a v\u00e1rosi j\u00f3l\u00e9t ir\u00e1nt. Nem felejtkezve el azokr\u00f3l a falvakr\u00f3l, kistelep\u00fcl\u00e9sekr\u0151l, melyek a h\u00e1torsz\u00e1got biztos\u00edtj\u00e1k.<\/p>\r\n\r\n\r\n\r\n<p><strong>Felk\u00e9rt f\u0151v\u00e9dn\u00f6k\u00f6k:<\/strong><\/p>\r\n\r\n\r\n\r\n<figure class=\"wp-block-image\"><img decoding=\"async\" class=\"wp-image-18269\" src=\"https:\/\/csrhungary.eu\/wp-content\/uploads\/2022\/06\/navracsics_tibor-300x300-1.jpeg\" alt=\"Navracsics Tibor\" \/>\r\n<figcaption>dr. Navracsics Tibor, ter\u00fcletfejleszt\u00e9s\u00e9rt \u00e9s az eur\u00f3pai uni\u00f3s forr\u00e1sok felhaszn\u00e1l\u00e1s\u00e1\u00e9rt felel\u0151s miniszter<\/figcaption>\r\n<\/figure>\r\n\r\n\r\n\r\n<figure class=\"wp-block-image is-resized\"><img fetchpriority=\"high\" decoding=\"async\" class=\"wp-image-18292\" src=\"https:\/\/csrhungary.eu\/wp-content\/uploads\/2022\/07\/Re%CC%81thelyi-Miklo%CC%81s-article_600x500-200x300-1.jpeg\" alt=\"\" width=\"298\" height=\"447\" \/>\r\n<figcaption>dr. R\u00e9lthelyi Mikl\u00f3s, az UNESCO Magyar Nemzeti Bizotts\u00e1g eln\u00f6ke.<\/figcaption>\r\n<\/figure>\r\n\r\n\r\n\r\n<p><strong>A p\u00e1ly\u00e1zati anyagok lead\u00e1si hat\u00e1rideje:<\/strong> 2022.09.15.<\/p>\r\n\r\n\r\n\r\n<p><strong>P\u00e1ly\u00e1zhat\u00f3 kateg\u00f3ri\u00e1k:<\/strong><\/p>\r\n\r\n\r\n\r\n<p>Fenntarthat\u00f3 v\u00e1ros\u00e9rt<\/p>\r\n\r\n\r\n\r\n<p>Tiszta v\u00e1ros\u00e9rt- a felel\u0151s hullad\u00e9kgazd\u00e1lkod\u00e1s\u00e9rt<\/p>\r\n\r\n\r\n\r\n<p>Term\u00e9szeti er\u0151forr\u00e1sok hat\u00e9konys\u00e1g\u00e1\u00e9rt<\/p>\r\n\r\n\r\n\r\n<p>\u00dczlet a v\u00e1ros\u00e9rt<\/p>\r\n\r\n\r\n\r\n<p>A fenntarthat\u00f3 k\u00f6z\u00f6ss\u00e9gek\u00e9rt \u2013 m\u0171v\u00e9szet, kult\u00fara, szellemi \u00f6r\u00f6ks\u00e9gek meg\u0151rz\u00e9se<\/p>\r\n\r\n\r\n\r\n<p>Mozg\u00e1sban a v\u00e1ros- a fenntarthat\u00f3 sz\u00e1ll\u00edt\u00e1s\u00e9rt \u00e9s k\u00f6zleked\u00e9s\u00e9rt<\/p>\r\n\r\n\r\n\r\n<p>Eg\u00e9szs\u00e9g \u00e9s j\u00f3l\u00e9t<\/p>\r\n\r\n\r\n\r\n<p>Az intelligens v\u00e1ros\u00e9rt<\/p>\r\n\r\n\r\n\r\n<p><em>Hamarosan r\u00e9szletek!<\/em><\/p>\r\n\r\n\r\n\r\n<p><em>\u00c9s megny\u00edlik a regisztr\u00e1ci\u00f3s lehet\u0151s\u00e9g a P\u00e1ly\u00e1zathoz!<\/em><\/p>\r\n","protected":false},"excerpt":{"rendered":"<p>A j\u00e1rv\u00e1ny miatti 2 \u00e9v kihagy\u00e1s ut\u00e1n \u00fajra hamarosan meghirdetj\u00fck a Holnap v\u00e1ros\u00e1\u00e9rt D\u00edjat. <\/p>\n","protected":false},"author":3,"featured_media":5426,"comment_status":"closed","ping_status":"closed","sticky":false,"template":"","format":"standard","meta":{"footnotes":""},"categories":[3],"tags":[192,167,208,165,184,160],"class_list":["post-5401","post","type-post","status-publish","format-standard","has-post-thumbnail","hentry","category-hirek","tag-city-hungary","tag-elheto-varos","tag-fenntarthato-telepules","tag-fenntarthato-varos","tag-holnap-varosaert-dij","tag-magyar-varos"],"yoast_head":"<!-- This site is optimized with the Yoast SEO Premium plugin v24.8 (Yoast SEO v24.9) - https:\/\/yoast.com\/wordpress\/plugins\/seo\/ -->\n<title>\u00dajra! Holnap v\u00e1ros\u00e1\u00e9rt D\u00edj &#8226; Holnap V\u00e1ros\u00e1\u00e9rt D\u00edj<\/title>\n<meta name=\"robots\" content=\"index, follow, max-snippet:-1, max-image-preview:large, max-video-preview:-1\" \/>\n<link rel=\"canonical\" href=\"https:\/\/www.cityhungary.eu\/holnapvarosaertdij\/ujra-holnap-varosaert-dij\/\" \/>\n<meta property=\"og:locale\" content=\"hu_HU\" \/>\n<meta property=\"og:type\" content=\"article\" \/>\n<meta property=\"og:title\" content=\"\u00dajra! Holnap v\u00e1ros\u00e1\u00e9rt D\u00edj\" \/>\n<meta property=\"og:description\" content=\"A j\u00e1rv\u00e1ny miatti 2 \u00e9v kihagy\u00e1s ut\u00e1n \u00fajra hamarosan meghirdetj\u00fck a Holnap v\u00e1ros\u00e1\u00e9rt D\u00edjat.\" \/>\n<meta property=\"og:url\" content=\"https:\/\/www.cityhungary.eu\/holnapvarosaertdij\/ujra-holnap-varosaert-dij\/\" \/>\n<meta property=\"og:site_name\" content=\"Holnap V\u00e1ros\u00e1\u00e9rt D\u00edj\" \/>\n<meta property=\"article:published_time\" content=\"2022-06-17T16:22:16+00:00\" \/>\n<meta property=\"article:modified_time\" content=\"2026-01-28T16:13:49+00:00\" \/>\n<meta property=\"og:image\" content=\"https:\/\/www.cityhungary.eu\/holnapvarosaertdij\/wp-content\/uploads\/2022\/06\/budapest-g1584a0556_640-640x372-1.jpg\" \/>\n\t<meta property=\"og:image:width\" content=\"640\" \/>\n\t<meta property=\"og:image:height\" content=\"372\" \/>\n\t<meta property=\"og:image:type\" content=\"image\/jpeg\" \/>\n<meta name=\"author\" content=\"admin\" \/>\n<meta name=\"twitter:card\" content=\"summary_large_image\" \/>\n<meta name=\"twitter:label1\" content=\"Szerz\u0151:\" \/>\n\t<meta name=\"twitter:data1\" content=\"admin\" \/>\n\t<meta name=\"twitter:label2\" content=\"Becs\u00fclt olvas\u00e1si id\u0151\" \/>\n\t<meta name=\"twitter:data2\" content=\"2 perc\" \/>\n<script type=\"application\/ld+json\" class=\"yoast-schema-graph\">{\"@context\":\"https:\/\/schema.org\",\"@graph\":[{\"@type\":\"Article\",\"@id\":\"https:\/\/www.cityhungary.eu\/holnapvarosaertdij\/ujra-holnap-varosaert-dij\/#article\",\"isPartOf\":{\"@id\":\"https:\/\/www.cityhungary.eu\/holnapvarosaertdij\/ujra-holnap-varosaert-dij\/\"},\"author\":{\"name\":\"admin\",\"@id\":\"https:\/\/www.cityhungary.eu\/holnapvarosaertdij\/#\/schema\/person\/f941ae49574cfce245e54052df4c568a\"},\"headline\":\"\u00dajra! Holnap v\u00e1ros\u00e1\u00e9rt D\u00edj\",\"datePublished\":\"2022-06-17T16:22:16+00:00\",\"dateModified\":\"2026-01-28T16:13:49+00:00\",\"mainEntityOfPage\":{\"@id\":\"https:\/\/www.cityhungary.eu\/holnapvarosaertdij\/ujra-holnap-varosaert-dij\/\"},\"wordCount\":276,\"publisher\":{\"@id\":\"https:\/\/www.cityhungary.eu\/holnapvarosaertdij\/#organization\"},\"image\":{\"@id\":\"https:\/\/www.cityhungary.eu\/holnapvarosaertdij\/ujra-holnap-varosaert-dij\/#primaryimage\"},\"thumbnailUrl\":\"https:\/\/www.cityhungary.eu\/holnapvarosaertdij\/wp-content\/uploads\/2022\/06\/budapest-g1584a0556_640-640x372-1.jpg\",\"keywords\":[\"City Hungary\",\"\u00e9lhet\u0151 v\u00e1ros\",\"fenntarthat\u00f3 telep\u00fcl\u00e9s\",\"fenntarthat\u00f3 v\u00e1ros\",\"Holnap v\u00e1ros\u00e1\u00e9rt D\u00edj\",\"magyar v\u00e1ros\"],\"articleSection\":[\"H\u00edrek\"],\"inLanguage\":\"hu\"},{\"@type\":\"WebPage\",\"@id\":\"https:\/\/www.cityhungary.eu\/holnapvarosaertdij\/ujra-holnap-varosaert-dij\/\",\"url\":\"https:\/\/www.cityhungary.eu\/holnapvarosaertdij\/ujra-holnap-varosaert-dij\/\",\"name\":\"\u00dajra! Holnap v\u00e1ros\u00e1\u00e9rt D\u00edj &#8226; Holnap V\u00e1ros\u00e1\u00e9rt D\u00edj\",\"isPartOf\":{\"@id\":\"https:\/\/www.cityhungary.eu\/holnapvarosaertdij\/#website\"},\"primaryImageOfPage\":{\"@id\":\"https:\/\/www.cityhungary.eu\/holnapvarosaertdij\/ujra-holnap-varosaert-dij\/#primaryimage\"},\"image\":{\"@id\":\"https:\/\/www.cityhungary.eu\/holnapvarosaertdij\/ujra-holnap-varosaert-dij\/#primaryimage\"},\"thumbnailUrl\":\"https:\/\/www.cityhungary.eu\/holnapvarosaertdij\/wp-content\/uploads\/2022\/06\/budapest-g1584a0556_640-640x372-1.jpg\",\"datePublished\":\"2022-06-17T16:22:16+00:00\",\"dateModified\":\"2026-01-28T16:13:49+00:00\",\"breadcrumb\":{\"@id\":\"https:\/\/www.cityhungary.eu\/holnapvarosaertdij\/ujra-holnap-varosaert-dij\/#breadcrumb\"},\"inLanguage\":\"hu\",\"potentialAction\":[{\"@type\":\"ReadAction\",\"target\":[\"https:\/\/www.cityhungary.eu\/holnapvarosaertdij\/ujra-holnap-varosaert-dij\/\"]}]},{\"@type\":\"ImageObject\",\"inLanguage\":\"hu\",\"@id\":\"https:\/\/www.cityhungary.eu\/holnapvarosaertdij\/ujra-holnap-varosaert-dij\/#primaryimage\",\"url\":\"https:\/\/www.cityhungary.eu\/holnapvarosaertdij\/wp-content\/uploads\/2022\/06\/budapest-g1584a0556_640-640x372-1.jpg\",\"contentUrl\":\"https:\/\/www.cityhungary.eu\/holnapvarosaertdij\/wp-content\/uploads\/2022\/06\/budapest-g1584a0556_640-640x372-1.jpg\",\"width\":640,\"height\":372},{\"@type\":\"BreadcrumbList\",\"@id\":\"https:\/\/www.cityhungary.eu\/holnapvarosaertdij\/ujra-holnap-varosaert-dij\/#breadcrumb\",\"itemListElement\":[{\"@type\":\"ListItem\",\"position\":1,\"name\":\"Kezd\u0151lap\",\"item\":\"https:\/\/www.cityhungary.eu\/holnapvarosaertdij\/\"},{\"@type\":\"ListItem\",\"position\":2,\"name\":\"\u00dajra! Holnap v\u00e1ros\u00e1\u00e9rt D\u00edj\"}]},{\"@type\":\"WebSite\",\"@id\":\"https:\/\/www.cityhungary.eu\/holnapvarosaertdij\/#website\",\"url\":\"https:\/\/www.cityhungary.eu\/holnapvarosaertdij\/\",\"name\":\"Holnap V\u00e1ros\u00e1\u00e9rt D\u00edj\",\"description\":\"A fenntarthat\u00f3 \u00e9s \u00e9lhet\u0151 v\u00e1rosok\u00e9rt\",\"publisher\":{\"@id\":\"https:\/\/www.cityhungary.eu\/holnapvarosaertdij\/#organization\"},\"potentialAction\":[{\"@type\":\"SearchAction\",\"target\":{\"@type\":\"EntryPoint\",\"urlTemplate\":\"https:\/\/www.cityhungary.eu\/holnapvarosaertdij\/?s={search_term_string}\"},\"query-input\":{\"@type\":\"PropertyValueSpecification\",\"valueRequired\":true,\"valueName\":\"search_term_string\"}}],\"inLanguage\":\"hu\"},{\"@type\":\"Organization\",\"@id\":\"https:\/\/www.cityhungary.eu\/holnapvarosaertdij\/#organization\",\"name\":\"Holnap V\u00e1ros\u00e1\u00e9rt D\u00edj\",\"alternateName\":\"Holnap V\u00e1ros\u00e1\u00e9rt D\u00edj\",\"url\":\"https:\/\/www.cityhungary.eu\/holnapvarosaertdij\/\",\"logo\":{\"@type\":\"ImageObject\",\"inLanguage\":\"hu\",\"@id\":\"https:\/\/www.cityhungary.eu\/holnapvarosaertdij\/#\/schema\/logo\/image\/\",\"url\":\"https:\/\/www.cityhungary.eu\/holnapvarosaertdij\/wp-content\/uploads\/2024\/05\/holnap_varosaert_dij_logo.png\",\"contentUrl\":\"https:\/\/www.cityhungary.eu\/holnapvarosaertdij\/wp-content\/uploads\/2024\/05\/holnap_varosaert_dij_logo.png\",\"width\":2000,\"height\":772,\"caption\":\"Holnap V\u00e1ros\u00e1\u00e9rt D\u00edj\"},\"image\":{\"@id\":\"https:\/\/www.cityhungary.eu\/holnapvarosaertdij\/#\/schema\/logo\/image\/\"}},{\"@type\":\"Person\",\"@id\":\"https:\/\/www.cityhungary.eu\/holnapvarosaertdij\/#\/schema\/person\/f941ae49574cfce245e54052df4c568a\",\"name\":\"admin\",\"image\":{\"@type\":\"ImageObject\",\"inLanguage\":\"hu\",\"@id\":\"https:\/\/www.cityhungary.eu\/holnapvarosaertdij\/#\/schema\/person\/image\/\",\"url\":\"https:\/\/secure.gravatar.com\/avatar\/695cd20ee5957c6777facc32078fa85cb7cdffedb5d2de1468632b484040f677?s=96&d=mm&r=g\",\"contentUrl\":\"https:\/\/secure.gravatar.com\/avatar\/695cd20ee5957c6777facc32078fa85cb7cdffedb5d2de1468632b484040f677?s=96&d=mm&r=g\",\"caption\":\"admin\"},\"sameAs\":[\"https:\/\/www.cityhungary.eu\/holnapvarosaertdij\"],\"url\":\"https:\/\/www.cityhungary.eu\/holnapvarosaertdij\/author\/dellartstudio\/\"}]}<\/script>\n<!-- \/ Yoast SEO Premium plugin. -->","yoast_head_json":{"title":"\u00dajra! Holnap v\u00e1ros\u00e1\u00e9rt D\u00edj &#8226; Holnap V\u00e1ros\u00e1\u00e9rt D\u00edj","robots":{"index":"index","follow":"follow","max-snippet":"max-snippet:-1","max-image-preview":"max-image-preview:large","max-video-preview":"max-video-preview:-1"},"canonical":"https:\/\/www.cityhungary.eu\/holnapvarosaertdij\/ujra-holnap-varosaert-dij\/","og_locale":"hu_HU","og_type":"article","og_title":"\u00dajra! Holnap v\u00e1ros\u00e1\u00e9rt D\u00edj","og_description":"A j\u00e1rv\u00e1ny miatti 2 \u00e9v kihagy\u00e1s ut\u00e1n \u00fajra hamarosan meghirdetj\u00fck a Holnap v\u00e1ros\u00e1\u00e9rt D\u00edjat.","og_url":"https:\/\/www.cityhungary.eu\/holnapvarosaertdij\/ujra-holnap-varosaert-dij\/","og_site_name":"Holnap V\u00e1ros\u00e1\u00e9rt D\u00edj","article_published_time":"2022-06-17T16:22:16+00:00","article_modified_time":"2026-01-28T16:13:49+00:00","og_image":[{"width":640,"height":372,"url":"https:\/\/www.cityhungary.eu\/holnapvarosaertdij\/wp-content\/uploads\/2022\/06\/budapest-g1584a0556_640-640x372-1.jpg","type":"image\/jpeg"}],"author":"admin","twitter_card":"summary_large_image","twitter_misc":{"Szerz\u0151:":"admin","Becs\u00fclt olvas\u00e1si id\u0151":"2 perc"},"schema":{"@context":"https:\/\/schema.org","@graph":[{"@type":"Article","@id":"https:\/\/www.cityhungary.eu\/holnapvarosaertdij\/ujra-holnap-varosaert-dij\/#article","isPartOf":{"@id":"https:\/\/www.cityhungary.eu\/holnapvarosaertdij\/ujra-holnap-varosaert-dij\/"},"author":{"name":"admin","@id":"https:\/\/www.cityhungary.eu\/holnapvarosaertdij\/#\/schema\/person\/f941ae49574cfce245e54052df4c568a"},"headline":"\u00dajra! Holnap v\u00e1ros\u00e1\u00e9rt D\u00edj","datePublished":"2022-06-17T16:22:16+00:00","dateModified":"2026-01-28T16:13:49+00:00","mainEntityOfPage":{"@id":"https:\/\/www.cityhungary.eu\/holnapvarosaertdij\/ujra-holnap-varosaert-dij\/"},"wordCount":276,"publisher":{"@id":"https:\/\/www.cityhungary.eu\/holnapvarosaertdij\/#organization"},"image":{"@id":"https:\/\/www.cityhungary.eu\/holnapvarosaertdij\/ujra-holnap-varosaert-dij\/#primaryimage"},"thumbnailUrl":"https:\/\/www.cityhungary.eu\/holnapvarosaertdij\/wp-content\/uploads\/2022\/06\/budapest-g1584a0556_640-640x372-1.jpg","keywords":["City Hungary","\u00e9lhet\u0151 v\u00e1ros","fenntarthat\u00f3 telep\u00fcl\u00e9s","fenntarthat\u00f3 v\u00e1ros","Holnap v\u00e1ros\u00e1\u00e9rt D\u00edj","magyar v\u00e1ros"],"articleSection":["H\u00edrek"],"inLanguage":"hu"},{"@type":"WebPage","@id":"https:\/\/www.cityhungary.eu\/holnapvarosaertdij\/ujra-holnap-varosaert-dij\/","url":"https:\/\/www.cityhungary.eu\/holnapvarosaertdij\/ujra-holnap-varosaert-dij\/","name":"\u00dajra! Holnap v\u00e1ros\u00e1\u00e9rt D\u00edj &#8226; Holnap V\u00e1ros\u00e1\u00e9rt D\u00edj","isPartOf":{"@id":"https:\/\/www.cityhungary.eu\/holnapvarosaertdij\/#website"},"primaryImageOfPage":{"@id":"https:\/\/www.cityhungary.eu\/holnapvarosaertdij\/ujra-holnap-varosaert-dij\/#primaryimage"},"image":{"@id":"https:\/\/www.cityhungary.eu\/holnapvarosaertdij\/ujra-holnap-varosaert-dij\/#primaryimage"},"thumbnailUrl":"https:\/\/www.cityhungary.eu\/holnapvarosaertdij\/wp-content\/uploads\/2022\/06\/budapest-g1584a0556_640-640x372-1.jpg","datePublished":"2022-06-17T16:22:16+00:00","dateModified":"2026-01-28T16:13:49+00:00","breadcrumb":{"@id":"https:\/\/www.cityhungary.eu\/holnapvarosaertdij\/ujra-holnap-varosaert-dij\/#breadcrumb"},"inLanguage":"hu","potentialAction":[{"@type":"ReadAction","target":["https:\/\/www.cityhungary.eu\/holnapvarosaertdij\/ujra-holnap-varosaert-dij\/"]}]},{"@type":"ImageObject","inLanguage":"hu","@id":"https:\/\/www.cityhungary.eu\/holnapvarosaertdij\/ujra-holnap-varosaert-dij\/#primaryimage","url":"https:\/\/www.cityhungary.eu\/holnapvarosaertdij\/wp-content\/uploads\/2022\/06\/budapest-g1584a0556_640-640x372-1.jpg","contentUrl":"https:\/\/www.cityhungary.eu\/holnapvarosaertdij\/wp-content\/uploads\/2022\/06\/budapest-g1584a0556_640-640x372-1.jpg","width":640,"height":372},{"@type":"BreadcrumbList","@id":"https:\/\/www.cityhungary.eu\/holnapvarosaertdij\/ujra-holnap-varosaert-dij\/#breadcrumb","itemListElement":[{"@type":"ListItem","position":1,"name":"Kezd\u0151lap","item":"https:\/\/www.cityhungary.eu\/holnapvarosaertdij\/"},{"@type":"ListItem","position":2,"name":"\u00dajra! Holnap v\u00e1ros\u00e1\u00e9rt D\u00edj"}]},{"@type":"WebSite","@id":"https:\/\/www.cityhungary.eu\/holnapvarosaertdij\/#website","url":"https:\/\/www.cityhungary.eu\/holnapvarosaertdij\/","name":"Holnap V\u00e1ros\u00e1\u00e9rt D\u00edj","description":"A fenntarthat\u00f3 \u00e9s \u00e9lhet\u0151 v\u00e1rosok\u00e9rt","publisher":{"@id":"https:\/\/www.cityhungary.eu\/holnapvarosaertdij\/#organization"},"potentialAction":[{"@type":"SearchAction","target":{"@type":"EntryPoint","urlTemplate":"https:\/\/www.cityhungary.eu\/holnapvarosaertdij\/?s={search_term_string}"},"query-input":{"@type":"PropertyValueSpecification","valueRequired":true,"valueName":"search_term_string"}}],"inLanguage":"hu"},{"@type":"Organization","@id":"https:\/\/www.cityhungary.eu\/holnapvarosaertdij\/#organization","name":"Holnap V\u00e1ros\u00e1\u00e9rt D\u00edj","alternateName":"Holnap V\u00e1ros\u00e1\u00e9rt D\u00edj","url":"https:\/\/www.cityhungary.eu\/holnapvarosaertdij\/","logo":{"@type":"ImageObject","inLanguage":"hu","@id":"https:\/\/www.cityhungary.eu\/holnapvarosaertdij\/#\/schema\/logo\/image\/","url":"https:\/\/www.cityhungary.eu\/holnapvarosaertdij\/wp-content\/uploads\/2024\/05\/holnap_varosaert_dij_logo.png","contentUrl":"https:\/\/www.cityhungary.eu\/holnapvarosaertdij\/wp-content\/uploads\/2024\/05\/holnap_varosaert_dij_logo.png","width":2000,"height":772,"caption":"Holnap V\u00e1ros\u00e1\u00e9rt D\u00edj"},"image":{"@id":"https:\/\/www.cityhungary.eu\/holnapvarosaertdij\/#\/schema\/logo\/image\/"}},{"@type":"Person","@id":"https:\/\/www.cityhungary.eu\/holnapvarosaertdij\/#\/schema\/person\/f941ae49574cfce245e54052df4c568a","name":"admin","image":{"@type":"ImageObject","inLanguage":"hu","@id":"https:\/\/www.cityhungary.eu\/holnapvarosaertdij\/#\/schema\/person\/image\/","url":"https:\/\/secure.gravatar.com\/avatar\/695cd20ee5957c6777facc32078fa85cb7cdffedb5d2de1468632b484040f677?s=96&d=mm&r=g","contentUrl":"https:\/\/secure.gravatar.com\/avatar\/695cd20ee5957c6777facc32078fa85cb7cdffedb5d2de1468632b484040f677?s=96&d=mm&r=g","caption":"admin"},"sameAs":["https:\/\/www.cityhungary.eu\/holnapvarosaertdij"],"url":"https:\/\/www.cityhungary.eu\/holnapvarosaertdij\/author\/dellartstudio\/"}]}},"_links":{"self":[{"href":"https:\/\/www.cityhungary.eu\/holnapvarosaertdij\/wp-json\/wp\/v2\/posts\/5401","targetHints":{"allow":["GET"]}}],"collection":[{"href":"https:\/\/www.cityhungary.eu\/holnapvarosaertdij\/wp-json\/wp\/v2\/posts"}],"about":[{"href":"https:\/\/www.cityhungary.eu\/holnapvarosaertdij\/wp-json\/wp\/v2\/types\/post"}],"author":[{"embeddable":true,"href":"https:\/\/www.cityhungary.eu\/holnapvarosaertdij\/wp-json\/wp\/v2\/users\/3"}],"replies":[{"embeddable":true,"href":"https:\/\/www.cityhungary.eu\/holnapvarosaertdij\/wp-json\/wp\/v2\/comments?post=5401"}],"version-history":[{"count":1,"href":"https:\/\/www.cityhungary.eu\/holnapvarosaertdij\/wp-json\/wp\/v2\/posts\/5401\/revisions"}],"predecessor-version":[{"id":5427,"href":"https:\/\/www.cityhungary.eu\/holnapvarosaertdij\/wp-json\/wp\/v2\/posts\/5401\/revisions\/5427"}],"wp:featuredmedia":[{"embeddable":true,"href":"https:\/\/www.cityhungary.eu\/holnapvarosaertdij\/wp-json\/wp\/v2\/media\/5426"}],"wp:attachment":[{"href":"https:\/\/www.cityhungary.eu\/holnapvarosaertdij\/wp-json\/wp\/v2\/media?parent=5401"}],"wp:term":[{"taxonomy":"category","embeddable":true,"href":"https:\/\/www.cityhungary.eu\/holnapvarosaertdij\/wp-json\/wp\/v2\/categories?post=5401"},{"taxonomy":"post_tag","embeddable":true,"href":"https:\/\/www.cityhungary.eu\/holnapvarosaertdij\/wp-json\/wp\/v2\/tags?post=5401"}],"curies":[{"name":"wp","href":"https:\/\/api.w.org\/{rel}","templated":true}]}}